{"id":5734,"date":"2019-01-14T12:00:26","date_gmt":"2019-01-14T17:00:26","guid":{"rendered":"https:\/\/www.aclumich.org\/news\/press_release\/aclu-presenta-queja-ante-meijer-despues-de-que-un-farmaceutico-se-nego-surtir-la\/"},"modified":"2019-01-14T12:00:26","modified_gmt":"2019-01-14T17:00:26","slug":"aclu-presenta-queja-ante-meijer-despues-de-que-un-farmaceutico-se-nego-surtir-la","status":"publish","type":"press_release","link":"https:\/\/www.aclumich.org\/es\/press-releases\/aclu-presenta-queja-ante-meijer-despues-de-que-un-farmaceutico-se-nego-surtir-la\/","title":{"rendered":"ACLU Presenta Queja Ante Meijer Despu\u00e9s de Que Un Farmac\u00e9utico Se Neg\u00f3 A Surtir La Receta Para El Cliente Que Abort\u00f3 [Espont\u00e1neo]"},"author":4,"featured_media":0,"menu_order":0,"template":"","meta":{"_acf_changed":false,"_relevanssi_hide_post":"","_relevanssi_hide_content":"","_relevanssi_pin_for_all":"","_relevanssi_pin_keywords":"","_relevanssi_unpin_keywords":"","_relevanssi_related_keywords":"","_relevanssi_related_include_ids":"","_relevanssi_related_exclude_ids":"","_relevanssi_related_no_append":"","_relevanssi_related_not_related":"","_relevanssi_related_posts":"","_relevanssi_noindex_reason":""},"class_list":["post-5734","press_release","type-press_release","status-publish","hentry"],"acf":{"subheading":"","date_and_time":"2018-10-17 12:00:00","featured_image":5733,"components":[{"acf_fc_layout":"text","text":{"text":"La Uni\u00f3n de Libertades Civiles de Am\u00e9rica de Michigan <a href=\"https:\/\/www.aclumich.org\/app\/uploads\/2019\/01\/aclu_letter_to_meijer.pdf\">ACLU_letter_to_Meijer.pdf<\/a> con Meijer despu\u00e9s de que un farmac\u00e9utico se neg\u00f3 a surtir la receta de un cliente que era m\u00e9dicamente necesaria para tratar su aborto espont\u00e1neo. La ACLU est\u00e1 solicitando una investigaci\u00f3n inmediata y que Meijer implemente una pol\u00edtica que garantice que todos los pacientes tengan acceso a los medicamentos recetados.\n\n\u00abTodas las mujeres deben poder ir a una farmacia de Meijer para obtener el medicamento que necesitan sin temor a la discriminaci\u00f3n\u00bb dijo Merissa Kovach, Estratega de pol\u00edticas del ACLU de Michigan.  \u00abNuestra clienta claramente fue un v\u00edctima de discriminaci\u00f3n sexual. Si hubiera sido la clienta un hombre recetado el mismo medicamento, que frecuentemente es usado para tratar ulceras, el farmac\u00e9utico la hubiera surtido.\u00bb\n\nEl 1 de julio del 2018, el obstetra \/ ginec\u00f3logo de Rachel Peterson solicit\u00f3 medicamentos a la farmacia de la Meijer de Petoskey para tratar el reciente aborto espont\u00e1neo de la Sra. Peterson. Fue crucial para ella tomar el medicamento de manera oportuna para evitar tener que someterse a un procedimiento quir\u00fargico m\u00e1s invasivo.  Pero el farmac\u00e9utico de turno en la Meijer se neg\u00f3 a surtir su receta, diciendo que \u00abcomo un buen hombre cat\u00f3lico\u00bb no pod\u00eda \u00abllenar la receta con buena conciencia\u00bb porque cre\u00eda que era su intenci\u00f3n usarla para terminar un embarazo.  Cuando la Sra. Peterson le dijo que su obstetra \/ ginec\u00f3logo no encontr\u00f3 signos de viabilidad del feto, lo que confirm\u00f3 una p\u00e9rdida temprana del embarazo, la acus\u00f3 de mentir y dijo que \u00abesa era solo [Su] palabra\u00bb.\n\n\u00abCuando est\u00e1s en uno de los momentos m\u00e1s bajos de tu vida, no esperas este tipo de trato degradante\u00bb dijo Rachel Peterson. \u00abUna farmacia no debe poder negar a los pacientes los medicamentos recetados por sus m\u00e9dicos bas\u00e1ndose en las creencias personales de un empleado en particular.\u00bb\n\nEl farmac\u00e9utico de Meijer tambi\u00e9n se neg\u00f3 a permitirle a la Sra. Peterson hablar con otro farmac\u00e9utico o transferir su receta a otra farmacia. Esto oblig\u00f3 a la Sra. Peterson a dejar sus vacaciones familiares en Petoskey y conducir m\u00e1s de tres horas a una farmacia Meijer en Ionia para obtener el medicamento que ella necesitaba y estaba sensible al tiempo.\n\nLa pr\u00e1ctica de Meijer de permitir que sus farmac\u00e9uticos se nieguen a surtir recetas y se nieguen a transferirlas es discriminatoria y viola las leyes de adaptaci\u00f3n p\u00fablica de Michigan. La ACLU de Michigan exige que Meijer implemente una pol\u00edtica que garantice que todos sus clientes sus farmacias reciban sus medicamentos sin demoras indebidas, independientemente de las creencias personales de sus farmac\u00e9uticos."}}],"use_default_media_contact":false,"name":"<p>Ann Mullen, (313) 400-8562, amullen@aclumich.org<\/p>","email":"","phone":"","address":{"address_1":"","address_2":"","city":"","state":"","zip_code":"","country":"United States"},"pgp_public_key":"","spokesperson":null,"related_content":[],"issues":[4633],"toggle-pdf":true,"documents":null},"yoast_head":"<!-- This site is optimized with the Yoast SEO plugin v24.9 - https:\/\/yoast.com\/wordpress\/plugins\/seo\/ -->\n<title>ACLU Presenta Queja Ante Meijer Despu\u00e9s de Que Un Farmac\u00e9utico Se Neg\u00f3 A Surtir La Receta Para El Cliente Que Abort\u00f3 [Espont\u00e1neo] - ACLU of Michigan<\/title>\n<meta name=\"robots\" content=\"index, follow, max-snippet:-1, max-image-preview:large, max-video-preview:-1\" \/>\n<link rel=\"canonical\" href=\"https:\/\/www.aclumich.org\/es\/press-releases\/aclu-presenta-queja-ante-meijer-despues-de-que-un-farmaceutico-se-nego-surtir-la\/\" \/>\n<meta property=\"og:locale\" content=\"es_ES\" \/>\n<meta property=\"og:type\" content=\"article\" \/>\n<meta property=\"og:title\" content=\"ACLU Presenta Queja Ante Meijer Despu\u00e9s de Que Un Farmac\u00e9utico Se Neg\u00f3 A Surtir La Receta Para El Cliente Que Abort\u00f3 [Espont\u00e1neo] - ACLU of Michigan\" \/>\n<meta property=\"og:description\" content=\"La Uni\u00f3n de Libertades Civiles de Am\u00e9rica de Michigan ACLU_letter_to_Meijer.pdf&nbsp;con Meijer despu\u00e9s de que un farmac\u00e9utico se neg\u00f3 a surtir la receta de un cliente que era m\u00e9dicamente necesaria para tratar su aborto espont\u00e1neo. La ACLU est\u00e1 solicitando una investigaci\u00f3n inmediata y que Meijer implemente una pol\u00edtica que garantice que todos los pacientes tengan acceso [&hellip;]\" \/>\n<meta property=\"og:url\" content=\"https:\/\/www.aclumich.org\/es\/press-releases\/aclu-presenta-queja-ante-meijer-despues-de-que-un-farmaceutico-se-nego-surtir-la\/\" \/>\n<meta property=\"og:site_name\" content=\"ACLU of Michigan\" \/>\n<meta property=\"og:image\" content=\"https:\/\/www.aclumich.org\/app\/themes\/aclu-parent\/img\/default_fb_share.jpg\" \/>\n<meta name=\"twitter:card\" content=\"summary_large_image\" \/>\n<script type=\"application\/ld+json\" class=\"yoast-schema-graph\">{\"@context\":\"https:\/\/schema.org\",\"@graph\":[{\"@type\":\"WebPage\",\"@id\":\"https:\/\/www.aclumich.org\/es\/press-releases\/aclu-presenta-queja-ante-meijer-despues-de-que-un-farmaceutico-se-nego-surtir-la\/\",\"url\":\"https:\/\/www.aclumich.org\/es\/press-releases\/aclu-presenta-queja-ante-meijer-despues-de-que-un-farmaceutico-se-nego-surtir-la\/\",\"name\":\"ACLU Presenta Queja Ante Meijer Despu\u00e9s de Que Un Farmac\u00e9utico Se Neg\u00f3 A Surtir La Receta Para El Cliente Que Abort\u00f3 [Espont\u00e1neo] - ACLU of Michigan\",\"isPartOf\":{\"@id\":\"https:\/\/www.aclumich.org\/#website\"},\"datePublished\":\"2019-01-14T17:00:26+00:00\",\"breadcrumb\":{\"@id\":\"https:\/\/www.aclumich.org\/es\/press-releases\/aclu-presenta-queja-ante-meijer-despues-de-que-un-farmaceutico-se-nego-surtir-la\/#breadcrumb\"},\"inLanguage\":\"es-ES\",\"potentialAction\":[{\"@type\":\"ReadAction\",\"target\":[\"https:\/\/www.aclumich.org\/es\/press-releases\/aclu-presenta-queja-ante-meijer-despues-de-que-un-farmaceutico-se-nego-surtir-la\/\"]}]},{\"@type\":\"BreadcrumbList\",\"@id\":\"https:\/\/www.aclumich.org\/es\/press-releases\/aclu-presenta-queja-ante-meijer-despues-de-que-un-farmaceutico-se-nego-surtir-la\/#breadcrumb\",\"itemListElement\":[{\"@type\":\"ListItem\",\"position\":1,\"name\":\"Press Releases\",\"item\":\"https:\/\/www.aclumich.org\/press-releases\/\"},{\"@type\":\"ListItem\",\"position\":2,\"name\":\"ACLU Presenta Queja Ante Meijer Despu\u00e9s de Que Un Farmac\u00e9utico Se Neg\u00f3 A Surtir La Receta Para El Cliente Que Abort\u00f3 [Espont\u00e1neo]\"}]},{\"@type\":\"WebSite\",\"@id\":\"https:\/\/www.aclumich.org\/#website\",\"url\":\"https:\/\/www.aclumich.org\/\",\"name\":\"ACLU of Michigan\",\"description\":\"\",\"publisher\":{\"@id\":\"https:\/\/www.aclumich.org\/#organization\"},\"potentialAction\":[{\"@type\":\"SearchAction\",\"target\":{\"@type\":\"EntryPoint\",\"urlTemplate\":\"https:\/\/www.aclumich.org\/?s={search_term_string}\"},\"query-input\":{\"@type\":\"PropertyValueSpecification\",\"valueRequired\":true,\"valueName\":\"search_term_string\"}}],\"inLanguage\":\"es-ES\"},{\"@type\":\"Organization\",\"@id\":\"https:\/\/www.aclumich.org\/#organization\",\"name\":\"ACLU of Michigan\",\"url\":\"https:\/\/www.aclumich.org\/\",\"logo\":{\"@type\":\"ImageObject\",\"inLanguage\":\"es-ES\",\"@id\":\"https:\/\/www.aclumich.org\/#\/schema\/logo\/image\/\",\"url\":\"https:\/\/www.aclumich.org\/app\/uploads\/2025\/12\/ACLU-Michigan_Color-Logo_RGB.png\",\"contentUrl\":\"https:\/\/www.aclumich.org\/app\/uploads\/2025\/12\/ACLU-Michigan_Color-Logo_RGB.png\",\"width\":1055,\"height\":620,\"caption\":\"ACLU of Michigan\"},\"image\":{\"@id\":\"https:\/\/www.aclumich.org\/#\/schema\/logo\/image\/\"}}]}<\/script>\n<!-- \/ Yoast SEO plugin. -->","yoast_head_json":{"title":"ACLU Presenta Queja Ante Meijer Despu\u00e9s de Que Un Farmac\u00e9utico Se Neg\u00f3 A Surtir La Receta Para El Cliente Que Abort\u00f3 [Espont\u00e1neo] - ACLU of Michigan","robots":{"index":"index","follow":"follow","max-snippet":"max-snippet:-1","max-image-preview":"max-image-preview:large","max-video-preview":"max-video-preview:-1"},"canonical":"https:\/\/www.aclumich.org\/es\/press-releases\/aclu-presenta-queja-ante-meijer-despues-de-que-un-farmaceutico-se-nego-surtir-la\/","og_locale":"es_ES","og_type":"article","og_title":"ACLU Presenta Queja Ante Meijer Despu\u00e9s de Que Un Farmac\u00e9utico Se Neg\u00f3 A Surtir La Receta Para El Cliente Que Abort\u00f3 [Espont\u00e1neo] - ACLU of Michigan","og_description":"La Uni\u00f3n de Libertades Civiles de Am\u00e9rica de Michigan ACLU_letter_to_Meijer.pdf&nbsp;con Meijer despu\u00e9s de que un farmac\u00e9utico se neg\u00f3 a surtir la receta de un cliente que era m\u00e9dicamente necesaria para tratar su aborto espont\u00e1neo. La ACLU est\u00e1 solicitando una investigaci\u00f3n inmediata y que Meijer implemente una pol\u00edtica que garantice que todos los pacientes tengan acceso [&hellip;]","og_url":"https:\/\/www.aclumich.org\/es\/press-releases\/aclu-presenta-queja-ante-meijer-despues-de-que-un-farmaceutico-se-nego-surtir-la\/","og_site_name":"ACLU of Michigan","og_image":[{"url":"https:\/\/www.aclumich.org\/app\/themes\/aclu-parent\/img\/default_fb_share.jpg","type":"","width":"","height":""}],"twitter_card":"summary_large_image","schema":{"@context":"https:\/\/schema.org","@graph":[{"@type":"WebPage","@id":"https:\/\/www.aclumich.org\/es\/press-releases\/aclu-presenta-queja-ante-meijer-despues-de-que-un-farmaceutico-se-nego-surtir-la\/","url":"https:\/\/www.aclumich.org\/es\/press-releases\/aclu-presenta-queja-ante-meijer-despues-de-que-un-farmaceutico-se-nego-surtir-la\/","name":"ACLU Presenta Queja Ante Meijer Despu\u00e9s de Que Un Farmac\u00e9utico Se Neg\u00f3 A Surtir La Receta Para El Cliente Que Abort\u00f3 [Espont\u00e1neo] - ACLU of Michigan","isPartOf":{"@id":"https:\/\/www.aclumich.org\/#website"},"datePublished":"2019-01-14T17:00:26+00:00","breadcrumb":{"@id":"https:\/\/www.aclumich.org\/es\/press-releases\/aclu-presenta-queja-ante-meijer-despues-de-que-un-farmaceutico-se-nego-surtir-la\/#breadcrumb"},"inLanguage":"es-ES","potentialAction":[{"@type":"ReadAction","target":["https:\/\/www.aclumich.org\/es\/press-releases\/aclu-presenta-queja-ante-meijer-despues-de-que-un-farmaceutico-se-nego-surtir-la\/"]}]},{"@type":"BreadcrumbList","@id":"https:\/\/www.aclumich.org\/es\/press-releases\/aclu-presenta-queja-ante-meijer-despues-de-que-un-farmaceutico-se-nego-surtir-la\/#breadcrumb","itemListElement":[{"@type":"ListItem","position":1,"name":"Press Releases","item":"https:\/\/www.aclumich.org\/press-releases\/"},{"@type":"ListItem","position":2,"name":"ACLU Presenta Queja Ante Meijer Despu\u00e9s de Que Un Farmac\u00e9utico Se Neg\u00f3 A Surtir La Receta Para El Cliente Que Abort\u00f3 [Espont\u00e1neo]"}]},{"@type":"WebSite","@id":"https:\/\/www.aclumich.org\/#website","url":"https:\/\/www.aclumich.org\/","name":"ACLU of Michigan","description":"","publisher":{"@id":"https:\/\/www.aclumich.org\/#organization"},"potentialAction":[{"@type":"SearchAction","target":{"@type":"EntryPoint","urlTemplate":"https:\/\/www.aclumich.org\/?s={search_term_string}"},"query-input":{"@type":"PropertyValueSpecification","valueRequired":true,"valueName":"search_term_string"}}],"inLanguage":"es-ES"},{"@type":"Organization","@id":"https:\/\/www.aclumich.org\/#organization","name":"ACLU of Michigan","url":"https:\/\/www.aclumich.org\/","logo":{"@type":"ImageObject","inLanguage":"es-ES","@id":"https:\/\/www.aclumich.org\/#\/schema\/logo\/image\/","url":"https:\/\/www.aclumich.org\/app\/uploads\/2025\/12\/ACLU-Michigan_Color-Logo_RGB.png","contentUrl":"https:\/\/www.aclumich.org\/app\/uploads\/2025\/12\/ACLU-Michigan_Color-Logo_RGB.png","width":1055,"height":620,"caption":"ACLU of Michigan"},"image":{"@id":"https:\/\/www.aclumich.org\/#\/schema\/logo\/image\/"}}]}},"distributor_meta":false,"distributor_terms":false,"distributor_media":false,"distributor_original_site_name":"ACLU of Michigan","distributor_original_site_url":"https:\/\/www.aclumich.org\/es\/","push-errors":false,"_links":{"self":[{"href":"https:\/\/www.aclumich.org\/es\/wp-json\/wp\/v2\/press_release\/5734","targetHints":{"allow":["GET"]}}],"collection":[{"href":"https:\/\/www.aclumich.org\/es\/wp-json\/wp\/v2\/press_release"}],"about":[{"href":"https:\/\/www.aclumich.org\/es\/wp-json\/wp\/v2\/types\/press_release"}],"author":[{"embeddable":true,"href":"https:\/\/www.aclumich.org\/es\/wp-json\/wp\/v2\/users\/4"}],"version-history":[{"count":0,"href":"https:\/\/www.aclumich.org\/es\/wp-json\/wp\/v2\/press_release\/5734\/revisions"}],"acf:post":[{"embeddable":true,"href":"https:\/\/www.aclumich.org\/es\/wp-json\/wp\/v2\/issue\/4633"}],"wp:attachment":[{"href":"https:\/\/www.aclumich.org\/es\/wp-json\/wp\/v2\/media?parent=5734"}],"curies":[{"name":"wp","href":"https:\/\/api.w.org\/{rel}","templated":true}]}}