{"id":5950,"date":"2019-11-15T11:14:53","date_gmt":"2019-11-15T16:14:53","guid":{"rendered":"https:\/\/www.aclumich.org\/news\/press_release\/aclu-demanda-ice-por-detener-al-veterano-del-cuerpo-marina-de-ee-uu-jilmar-ramos\/"},"modified":"2019-11-15T11:14:53","modified_gmt":"2019-11-15T16:14:53","slug":"aclu-demanda-ice-por-detener-al-veterano-del-cuerpo-marina-de-ee-uu-jilmar-ramos","status":"publish","type":"press_release","link":"https:\/\/www.aclumich.org\/es\/press-releases\/aclu-demanda-ice-por-detener-al-veterano-del-cuerpo-marina-de-ee-uu-jilmar-ramos\/","title":{"rendered":"ACLU Demanda A ICE Por Detener Al Veterano Del Cuerpo Marina de EE. UU. Jilmar Ramos-G\u00f3mez"},"author":4,"featured_media":0,"menu_order":0,"template":"","meta":{"_acf_changed":false,"_relevanssi_hide_post":"","_relevanssi_hide_content":"","_relevanssi_pin_for_all":"","_relevanssi_pin_keywords":"","_relevanssi_unpin_keywords":"","_relevanssi_related_keywords":"","_relevanssi_related_include_ids":"","_relevanssi_related_exclude_ids":"","_relevanssi_related_no_append":"","_relevanssi_related_not_related":"","_relevanssi_related_posts":"","_relevanssi_noindex_reason":""},"class_list":["post-5950","press_release","type-press_release","status-publish","hentry"],"acf":{"subheading":"","date_and_time":"2019-11-20 08:00:00","featured_image":5741,"components":[{"acf_fc_layout":"text","text":{"text":"PARA PUBLICACI\u00d3N INMEDIATA <br>20 de noviembre de 2019 \n\nDETROIT - Hoy, la Uni\u00f3n Americana de Libertades Civiles de Michigan (ACLU por sus siglas en ingl\u00e9s), junto con los abogados cooperantes de Loevy &amp; Loevy, present\u00f3 una demanda contra el Servicio de Inmigraci\u00f3n y Control de Aduanas (ICE por sus siglas en ingl\u00e9s) de EE. UU. Y el Departamento de Seguridad Interna de EE. UU. (DHS por sus siglas en ingl\u00e9s) por los registros relacionados con la detenci\u00f3n del veterano del Cuerpo de Marina y ciudadano estadounidense Jilmar Ramos-G\u00f3mez. Esta demanda tambi\u00e9n busca: datos y pol\u00edticas sobre ciudadanos estadounidenses, residentes permanentes legales e inmigrantes legales que son detenidos injustamente y deportados; y pol\u00edticas y procedimientos con respecto a personas con problemas de salud mental o discapacidades. \n\n\u00abJilmar Ramos-G\u00f3mez luch\u00f3 y sirvi\u00f3 a nuestro pa\u00eds de manera desinteresada, sin embargo, ICE trat\u00f3 de deportar a este h\u00e9roe de su ciudad natal y descaradamente descart\u00f3 sus desaf\u00edos de ciudadan\u00eda, servicio y salud mental\u00bb dijo Miriam Aukerman, abogada del ACLU de Michigan. \u00abSe\u00f1or Ramos-G\u00f3mez, y el p\u00fablico, merecen saber por qu\u00e9 el gobierno de los Estados Unidos abus\u00f3 de su propio ciudadano y veterano, y cu\u00e1ntos otros han sufrido de la misma manera\u00bb. \n\nLa ACLU y los abogados cooperantes tambi\u00e9n presentaron un reclamo administrativo contra ICE y DHS en busca de da\u00f1os y perjuicios para Ramos-G\u00f3mez en virtud de la Ley Federal de Reclamaciones por Da\u00f1os (FTCA por sus siglas en ingl\u00e9s). El reclamo expone la informaci\u00f3n que ICE ten\u00eda claramente mostrando que Ramos-G\u00f3mez era ciudadano y marino de los EE. UU., y alega que ICE lo detuvo e intent\u00f3 deportarlo de todos modos. La detenci\u00f3n injusta de ICE de Ramos-G\u00f3mez empeor\u00f3 su PTSD hasta el punto de que requiri\u00f3 hospitalizaci\u00f3n poco despu\u00e9s de su liberaci\u00f3n; ahora rara vez sale de su casa o pasa tiempo en su comunidad. \n\n\u00abEsta es una discriminaci\u00f3n racial descarada contra un ciudadano de los Estados Unidos y veterano de combate condecorado simplemente por el color de su piel\u00bb dijo Anand Swaminathan, abogado colaborador de ACLU y socio del bufete de abogados Loevy &amp; Loevy de Chicago. \u00abEl propio gobierno de Ramos-G\u00f3mez ignor\u00f3 su prueba indiscutible de ciudadan\u00eda y lo detuvo cruelmente debido a su origen Latinx\u00bb. \n\nEl 21 de noviembre de 2018, Ramos-G\u00f3mez sufri\u00f3 un episodio de salud mental relacionado con el PTSD y la polic\u00eda de Grand Rapids lo arrest\u00f3 en el techo del hospital Spectrum Health en Grand Rapids. Un capit\u00e1n de GRPD fuera de servicio le pidi\u00f3 a ICE que \u00abverificara su estatus\u00bb. A pesar de la amplia evidencia de su ciudadan\u00eda estadounidense, Ramos-G\u00f3mez fue arrestado por ICE el 14 de diciembre de 2018, el d\u00eda en que deb\u00eda ser liberado de la C\u00e1rcel del Condado de Kent.  Ramos-G\u00f3mez pas\u00f3 tres d\u00edas en detenci\u00f3n de ICE, donde su salud mental se deterior\u00f3 severamente, y donde \u00e9l y compa\u00f1eros detenidos fueron maltratados y puestos en rid\u00edculo. \n\nLos abogados para el reclamo administrativo del Sr. Ramos-G\u00f3mez y para el litigio para obtener sus registros incluyen abogados de la ACLU de Michigan, Loevy &amp; Loevy, Richard Kessler y la ACLU del Distrito de Columbia. \n\nLa ACLU de Michigan celebrar\u00e1 una conferencia de prensa hoy a las 2:30 p.m. en su oficina de Grand Rapids ubicada en: 1514 Wealthy Street SE, Suite 260. "}}],"use_default_media_contact":false,"name":"<p><span style=\"font-size:14.0pt\"><span style=\"line-height:107%\"><span style=\"font-family:&quot;Georgia&quot;,serif\">Dana Chicklas, (734) 945-8857, <\/span><\/span><\/span><span style=\"font-size:11.0pt\"><span style=\"line-height:107%\"><span style=\"font-family:&quot;Calibri&quot;,sans-serif\"><a href=\"mailto:dchicklas@aclumich.org\" style=\"color:#0563c1; text-decoration:underline\"><span style=\"font-size:14.0pt\"><span style=\"line-height:107%\"><span style=\"font-family:&quot;Georgia&quot;,serif\">dchicklas@aclumich.org<\/span><\/span><\/span><\/a><\/span><\/span><\/span><\/p>","email":"","phone":"","address":{"address_1":"","address_2":"","city":"","state":"","zip_code":"","country":"United States"},"pgp_public_key":"","spokesperson":null,"related_content":[],"issues":[],"toggle-pdf":true,"documents":null},"yoast_head":"<!-- This site is optimized with the Yoast SEO plugin v24.9 - https:\/\/yoast.com\/wordpress\/plugins\/seo\/ -->\n<title>ACLU Demanda A ICE Por Detener Al Veterano Del Cuerpo Marina de EE. UU. Jilmar Ramos-G\u00f3mez - ACLU of Michigan<\/title>\n<meta name=\"robots\" content=\"index, follow, max-snippet:-1, max-image-preview:large, max-video-preview:-1\" \/>\n<link rel=\"canonical\" href=\"https:\/\/www.aclumich.org\/es\/press-releases\/aclu-demanda-ice-por-detener-al-veterano-del-cuerpo-marina-de-ee-uu-jilmar-ramos\/\" \/>\n<meta property=\"og:locale\" content=\"es_ES\" \/>\n<meta property=\"og:type\" content=\"article\" \/>\n<meta property=\"og:title\" content=\"ACLU Demanda A ICE Por Detener Al Veterano Del Cuerpo Marina de EE. UU. Jilmar Ramos-G\u00f3mez - ACLU of Michigan\" \/>\n<meta property=\"og:description\" content=\"PARA PUBLICACI\u00d3N INMEDIATA&nbsp;20 de noviembre de 2019&nbsp; DETROIT - Hoy, la Uni\u00f3n Americana de Libertades Civiles de Michigan (ACLU&nbsp;por sus siglas en ingl\u00e9s), junto con los abogados cooperantes de&nbsp;Loevy&nbsp;&amp;&nbsp;Loevy, present\u00f3 una demanda contra el Servicio de Inmigraci\u00f3n y Control de Aduanas (ICE&nbsp;por sus siglas en ingl\u00e9s) de EE. UU. Y el Departamento de Seguridad&nbsp;Interna&nbsp;de EE. [&hellip;]\" \/>\n<meta property=\"og:url\" content=\"https:\/\/www.aclumich.org\/es\/press-releases\/aclu-demanda-ice-por-detener-al-veterano-del-cuerpo-marina-de-ee-uu-jilmar-ramos\/\" \/>\n<meta property=\"og:site_name\" content=\"ACLU of Michigan\" \/>\n<meta property=\"og:image\" content=\"https:\/\/www.aclumich.org\/app\/themes\/aclu-parent\/img\/default_fb_share.jpg\" \/>\n<meta name=\"twitter:card\" content=\"summary_large_image\" \/>\n<script type=\"application\/ld+json\" class=\"yoast-schema-graph\">{\"@context\":\"https:\/\/schema.org\",\"@graph\":[{\"@type\":\"WebPage\",\"@id\":\"https:\/\/www.aclumich.org\/es\/press-releases\/aclu-demanda-ice-por-detener-al-veterano-del-cuerpo-marina-de-ee-uu-jilmar-ramos\/\",\"url\":\"https:\/\/www.aclumich.org\/es\/press-releases\/aclu-demanda-ice-por-detener-al-veterano-del-cuerpo-marina-de-ee-uu-jilmar-ramos\/\",\"name\":\"ACLU Demanda A ICE Por Detener Al Veterano Del Cuerpo Marina de EE. UU. Jilmar Ramos-G\u00f3mez - ACLU of Michigan\",\"isPartOf\":{\"@id\":\"https:\/\/www.aclumich.org\/#website\"},\"datePublished\":\"2019-11-15T16:14:53+00:00\",\"breadcrumb\":{\"@id\":\"https:\/\/www.aclumich.org\/es\/press-releases\/aclu-demanda-ice-por-detener-al-veterano-del-cuerpo-marina-de-ee-uu-jilmar-ramos\/#breadcrumb\"},\"inLanguage\":\"es-ES\",\"potentialAction\":[{\"@type\":\"ReadAction\",\"target\":[\"https:\/\/www.aclumich.org\/es\/press-releases\/aclu-demanda-ice-por-detener-al-veterano-del-cuerpo-marina-de-ee-uu-jilmar-ramos\/\"]}]},{\"@type\":\"BreadcrumbList\",\"@id\":\"https:\/\/www.aclumich.org\/es\/press-releases\/aclu-demanda-ice-por-detener-al-veterano-del-cuerpo-marina-de-ee-uu-jilmar-ramos\/#breadcrumb\",\"itemListElement\":[{\"@type\":\"ListItem\",\"position\":1,\"name\":\"Press Releases\",\"item\":\"https:\/\/www.aclumich.org\/press-releases\/\"},{\"@type\":\"ListItem\",\"position\":2,\"name\":\"ACLU Demanda A ICE Por Detener Al Veterano Del Cuerpo Marina de EE. UU. Jilmar Ramos-G\u00f3mez\"}]},{\"@type\":\"WebSite\",\"@id\":\"https:\/\/www.aclumich.org\/#website\",\"url\":\"https:\/\/www.aclumich.org\/\",\"name\":\"ACLU of Michigan\",\"description\":\"\",\"publisher\":{\"@id\":\"https:\/\/www.aclumich.org\/#organization\"},\"potentialAction\":[{\"@type\":\"SearchAction\",\"target\":{\"@type\":\"EntryPoint\",\"urlTemplate\":\"https:\/\/www.aclumich.org\/?s={search_term_string}\"},\"query-input\":{\"@type\":\"PropertyValueSpecification\",\"valueRequired\":true,\"valueName\":\"search_term_string\"}}],\"inLanguage\":\"es-ES\"},{\"@type\":\"Organization\",\"@id\":\"https:\/\/www.aclumich.org\/#organization\",\"name\":\"ACLU of Michigan\",\"url\":\"https:\/\/www.aclumich.org\/\",\"logo\":{\"@type\":\"ImageObject\",\"inLanguage\":\"es-ES\",\"@id\":\"https:\/\/www.aclumich.org\/#\/schema\/logo\/image\/\",\"url\":\"https:\/\/www.aclumich.org\/app\/uploads\/2025\/12\/ACLU-Michigan_Color-Logo_RGB.png\",\"contentUrl\":\"https:\/\/www.aclumich.org\/app\/uploads\/2025\/12\/ACLU-Michigan_Color-Logo_RGB.png\",\"width\":1055,\"height\":620,\"caption\":\"ACLU of Michigan\"},\"image\":{\"@id\":\"https:\/\/www.aclumich.org\/#\/schema\/logo\/image\/\"}}]}<\/script>\n<!-- \/ Yoast SEO plugin. -->","yoast_head_json":{"title":"ACLU Demanda A ICE Por Detener Al Veterano Del Cuerpo Marina de EE. UU. Jilmar Ramos-G\u00f3mez - ACLU of Michigan","robots":{"index":"index","follow":"follow","max-snippet":"max-snippet:-1","max-image-preview":"max-image-preview:large","max-video-preview":"max-video-preview:-1"},"canonical":"https:\/\/www.aclumich.org\/es\/press-releases\/aclu-demanda-ice-por-detener-al-veterano-del-cuerpo-marina-de-ee-uu-jilmar-ramos\/","og_locale":"es_ES","og_type":"article","og_title":"ACLU Demanda A ICE Por Detener Al Veterano Del Cuerpo Marina de EE. UU. Jilmar Ramos-G\u00f3mez - ACLU of Michigan","og_description":"PARA PUBLICACI\u00d3N INMEDIATA&nbsp;20 de noviembre de 2019&nbsp; DETROIT - Hoy, la Uni\u00f3n Americana de Libertades Civiles de Michigan (ACLU&nbsp;por sus siglas en ingl\u00e9s), junto con los abogados cooperantes de&nbsp;Loevy&nbsp;&amp;&nbsp;Loevy, present\u00f3 una demanda contra el Servicio de Inmigraci\u00f3n y Control de Aduanas (ICE&nbsp;por sus siglas en ingl\u00e9s) de EE. UU. Y el Departamento de Seguridad&nbsp;Interna&nbsp;de EE. [&hellip;]","og_url":"https:\/\/www.aclumich.org\/es\/press-releases\/aclu-demanda-ice-por-detener-al-veterano-del-cuerpo-marina-de-ee-uu-jilmar-ramos\/","og_site_name":"ACLU of Michigan","og_image":[{"url":"https:\/\/www.aclumich.org\/app\/themes\/aclu-parent\/img\/default_fb_share.jpg","type":"","width":"","height":""}],"twitter_card":"summary_large_image","schema":{"@context":"https:\/\/schema.org","@graph":[{"@type":"WebPage","@id":"https:\/\/www.aclumich.org\/es\/press-releases\/aclu-demanda-ice-por-detener-al-veterano-del-cuerpo-marina-de-ee-uu-jilmar-ramos\/","url":"https:\/\/www.aclumich.org\/es\/press-releases\/aclu-demanda-ice-por-detener-al-veterano-del-cuerpo-marina-de-ee-uu-jilmar-ramos\/","name":"ACLU Demanda A ICE Por Detener Al Veterano Del Cuerpo Marina de EE. UU. Jilmar Ramos-G\u00f3mez - ACLU of Michigan","isPartOf":{"@id":"https:\/\/www.aclumich.org\/#website"},"datePublished":"2019-11-15T16:14:53+00:00","breadcrumb":{"@id":"https:\/\/www.aclumich.org\/es\/press-releases\/aclu-demanda-ice-por-detener-al-veterano-del-cuerpo-marina-de-ee-uu-jilmar-ramos\/#breadcrumb"},"inLanguage":"es-ES","potentialAction":[{"@type":"ReadAction","target":["https:\/\/www.aclumich.org\/es\/press-releases\/aclu-demanda-ice-por-detener-al-veterano-del-cuerpo-marina-de-ee-uu-jilmar-ramos\/"]}]},{"@type":"BreadcrumbList","@id":"https:\/\/www.aclumich.org\/es\/press-releases\/aclu-demanda-ice-por-detener-al-veterano-del-cuerpo-marina-de-ee-uu-jilmar-ramos\/#breadcrumb","itemListElement":[{"@type":"ListItem","position":1,"name":"Press Releases","item":"https:\/\/www.aclumich.org\/press-releases\/"},{"@type":"ListItem","position":2,"name":"ACLU Demanda A ICE Por Detener Al Veterano Del Cuerpo Marina de EE. UU. Jilmar Ramos-G\u00f3mez"}]},{"@type":"WebSite","@id":"https:\/\/www.aclumich.org\/#website","url":"https:\/\/www.aclumich.org\/","name":"ACLU of Michigan","description":"","publisher":{"@id":"https:\/\/www.aclumich.org\/#organization"},"potentialAction":[{"@type":"SearchAction","target":{"@type":"EntryPoint","urlTemplate":"https:\/\/www.aclumich.org\/?s={search_term_string}"},"query-input":{"@type":"PropertyValueSpecification","valueRequired":true,"valueName":"search_term_string"}}],"inLanguage":"es-ES"},{"@type":"Organization","@id":"https:\/\/www.aclumich.org\/#organization","name":"ACLU of Michigan","url":"https:\/\/www.aclumich.org\/","logo":{"@type":"ImageObject","inLanguage":"es-ES","@id":"https:\/\/www.aclumich.org\/#\/schema\/logo\/image\/","url":"https:\/\/www.aclumich.org\/app\/uploads\/2025\/12\/ACLU-Michigan_Color-Logo_RGB.png","contentUrl":"https:\/\/www.aclumich.org\/app\/uploads\/2025\/12\/ACLU-Michigan_Color-Logo_RGB.png","width":1055,"height":620,"caption":"ACLU of Michigan"},"image":{"@id":"https:\/\/www.aclumich.org\/#\/schema\/logo\/image\/"}}]}},"distributor_meta":false,"distributor_terms":false,"distributor_media":false,"distributor_original_site_name":"ACLU of Michigan","distributor_original_site_url":"https:\/\/www.aclumich.org\/es\/","push-errors":false,"_links":{"self":[{"href":"https:\/\/www.aclumich.org\/es\/wp-json\/wp\/v2\/press_release\/5950","targetHints":{"allow":["GET"]}}],"collection":[{"href":"https:\/\/www.aclumich.org\/es\/wp-json\/wp\/v2\/press_release"}],"about":[{"href":"https:\/\/www.aclumich.org\/es\/wp-json\/wp\/v2\/types\/press_release"}],"author":[{"embeddable":true,"href":"https:\/\/www.aclumich.org\/es\/wp-json\/wp\/v2\/users\/4"}],"version-history":[{"count":0,"href":"https:\/\/www.aclumich.org\/es\/wp-json\/wp\/v2\/press_release\/5950\/revisions"}],"wp:attachment":[{"href":"https:\/\/www.aclumich.org\/es\/wp-json\/wp\/v2\/media?parent=5950"}],"curies":[{"name":"wp","href":"https:\/\/api.w.org\/{rel}","templated":true}]}}