{"id":6333,"date":"2022-04-13T14:48:54","date_gmt":"2022-04-13T18:48:54","guid":{"rendered":"https:\/\/www.aclumich.org\/news\/press_release\/la-aclu-y-los-socios-de-la-coalicion-condenan-el-asesinato-policial-de-grand-rapids\/"},"modified":"2022-04-13T14:48:54","modified_gmt":"2022-04-13T18:48:54","slug":"la-aclu-y-los-socios-de-la-coalicion-condenan-el-asesinato-policial-de-grand-rapids","status":"publish","type":"press_release","link":"https:\/\/www.aclumich.org\/es\/press-releases\/la-aclu-y-los-socios-de-la-coalicion-condenan-el-asesinato-policial-de-grand-rapids\/","title":{"rendered":"La ACLU y los socios de la coalici\u00f3n condenan el asesinato policial de Grand Rapids de Patrick Lyoya y piden transparencia y responsabilidad"},"author":4,"featured_media":0,"menu_order":0,"template":"","meta":{"_acf_changed":false,"_relevanssi_hide_post":"","_relevanssi_hide_content":"","_relevanssi_pin_for_all":"","_relevanssi_pin_keywords":"","_relevanssi_unpin_keywords":"","_relevanssi_related_keywords":"","_relevanssi_related_include_ids":"","_relevanssi_related_exclude_ids":"","_relevanssi_related_no_append":"","_relevanssi_related_not_related":"","_relevanssi_related_posts":"","_relevanssi_noindex_reason":""},"class_list":["post-6333","press_release","type-press_release","status-publish","hentry"],"acf":{"subheading":"","date_and_time":"2022-04-13 14:15:00","featured_image":5846,"components":[{"acf_fc_layout":"text","text":{"text":"PARA PUBLICACI\u00d3N INMEDIATA \n\nGRAND RAPIDS, Mich. \u2013 Tras la publicaci\u00f3n hoy por parte del Departamento de Polic\u00eda de Grand Rapids (GRPD) de varios videos horribles que documentan el asesinato policial del padre congole\u00f1o Patrick Lyoya, de 26 a\u00f1os, la Uni\u00f3n Americana de Libertades Civiles de Michigan (ACLU), Greater Grand Rapids NAACP, LINC UP y el Centro de Derechos de los Inmigrantes de Michigan lloran juntos con la familia y la comunidad, y condenan el salvaje desconsideracion por la vida del Sr. Lyoya. \u0130Ya basta! Es hora de poner fin a la indiferencia sist\u00e9mica hacia las vidas de los negros que impregna la cultura policial en todo Grand Rapids, el estado y la naci\u00f3n. La rendici\u00f3n de cuentas requiere no solo una transparencia total, sino un compromiso de cambiar radicalmente la actuaci\u00f3n policial para que no se pierdan m\u00e1s vidas. La Ciudad y GRPD deben escuchar las voces de la familia del Sr. Lyoya y de quienes est\u00e1n al frente de esta lucha sobre lo que necesitan en este momento de crisis. Hacemos un llamado urgente a la ciudad de Grand Rapids, GRPD y a los funcionarios gubernamentales para que tomen las siguientes medidas inmediatas: \n\n<ul><li>Debe revelarse el nombre del oficial involucrado que dispar\u00f3 y mat\u00f3 a Patrick Lyoya;<\/li><li>Se debe designar a un fiscal fuera del condado de Kent, que no trabaje regularmente con el GRPD, para manejar este caso, como se requiere legalmente en muchos estados y se reconoce ampliamente como la mejor pr\u00e1ctica; <\/li><li>Se debe iniciar de inmediato una investigaci\u00f3n federal sobre este asesinato junto con la historia y la cultura del GRPD; <\/li><li>La comunidad debe tener un asiento en la mesa en las negociaciones en curso sobre los contratos sindicales de la polic\u00eda GRPD, que durante demasiado tiempo han protegido a los oficiales de la rendici\u00f3n de cuentas y que no reflejan las prioridades de la comunidad sobre c\u00f3mo lograr la seguridad p\u00fablica en nuestra Ciudad; <\/li><li>Tanto la Junta Civil de Apelaciones como la Oficina de Supervisi\u00f3n y Responsabilidad P\u00fablica deben recibir la autoridad, los recursos y los fondos para brindar una verdadera supervisi\u00f3n civil y poder generar un cambio real; y <\/li><li>La Ciudad y GRPD deben respetar el derecho constitucional de todas las personas a protestar por esta tragedia y ejercer su libertad de expresi\u00f3n sin violencia, amenazas o intimidaci\u00f3n. <\/li><\/ul>\n\n<strong>Loren Khogali, directora ejecutiva de la Uni\u00f3n Estadounidense de Libertades Civiles de Michigan, tiene esta declaraci\u00f3n: <\/strong>\n\n\u201cLa muerte brutal y sin sentido de Patrick Lyoya es el resultado de una interacci\u00f3n policial que escal\u00f3 innecesariamente a la violencia, el reflejo de una cultura policial que se basa en el cumplimiento y tolera respuestas violentas a situaciones no violentas. La comunidad esper\u00f3 nueve d\u00edas para la publicaci\u00f3n de este horrible video que muestra la muerte de Patrick Lyoya a manos de un oficial de GRPD. La evidencia en video genera m\u00e1s preguntas, y la Ciudad debe ser absolutamente transparente a lo largo de esta investigaci\u00f3n. Durante a\u00f1os, la comunidad ha pedido el fin de las pr\u00e1cticas policiales racistas y un modelo de seguridad ciudadana basado en la reinversi\u00f3n comunitaria. La falta de respuesta del GRPD y de la ciudad ha resultado ahora en el asesinato del Sr. Lyoya. Esto debe terminar. Hace mucho tiempo que se necesitaba una respuesta significativa e impactante al llamado de cambio de la comunidad\u201d. \n\n<strong>Cle J. Jackson, presidente de Greater Grand Rapids NAACP tiene esta declaraci\u00f3n: <\/strong>\n\n\u201cLa rabia y el dolor no comienzan a expresar la profundidad de la desesperaci\u00f3n que estamos experimentando en el sitio de otro hombre negro asesinado a manos de un oficial de polic\u00eda. \u00bfCu\u00e1ndo se detendr\u00e1 la matanza de negros? Debemos detenerlo. Debemos asegurarnos de que esta p\u00e9rdida de vidas sin sentido no sea en vano. Exigimos rendici\u00f3n de cuentas y total transparencia. Exigimos la publicaci\u00f3n completa de todos los documentos relacionados con el asesinato de Patrick Lyoya. Exigimos un departamento de polic\u00eda en el que realmente se pueda confiar para proteger y servir a todas las personas. Patrick, su familia y la gran comunidad de Grand Rapids no merecen menos\u201d. \n\n<strong>LaKiya Jenkins, directora ejecutiva de LINC UP tiene esta declaraci\u00f3n: <\/strong>\n\n\u201cEstoy profundamente entristecido por el violento asesinato de Patrick Lyoya. Nuestra estructura policial actual contin\u00faa fallando y el cambio intencional debe ocurrir ahora. Nos solidarizamos con la familia y la comunidad local en el llamado a la justicia. Para nuestra comunidad, la justicia es el arresto inmediato del oficial involucrado y la plena cooperaci\u00f3n de los otros oficiales en la escena. La justicia es, en \u00faltima instancia, una acusaci\u00f3n presentada por un fiscal independiente que seguir\u00e1 este caso con ojos claros. Cualquier cosa menos ser\u00e1 un fracaso de los l\u00edderes de nuestra ciudad\u201d. \n\n<strong>Susan Reed, abogada y directora del Centro de Derechos de Inmigrantes de Michigan, tiene esta declaraci\u00f3n: <\/strong>\n\n\u201cComo todos los inmigrantes, Patrick Lyoya merec\u00eda encontrar libertad y seguridad en nuestro pa\u00eds. La polic\u00eda de Grand Rapids rompi\u00f3 esa promesa. Lloramos con la familia y la comunidad mientras pedimos justicia para Patrick\u201d. \n\nConozca sus derechos mientras protesta La informaci\u00f3n y los folletos disponibles para descargar e imprimir est\u00e1n en: <a href=\"https:\/\/www.aclumich.org\/en\/know-your-rights\/know-your-rights-when-you-protest\">https:\/\/www.aclumich.org\/en\/know-your-rights\/know-your-rights-when-you-protest<\/a>  \n\n "}}],"use_default_media_contact":false,"name":"<p>Dana Chicklas, (734) 945-8857, dchicklas@aclumich.org\u202f<\/p>","email":"","phone":"","address":{"address_1":"","address_2":"","city":"","state":"","zip_code":"","country":"United States"},"pgp_public_key":"","spokesperson":null,"related_content":[],"issues":[],"toggle-pdf":true,"documents":null},"yoast_head":"<!-- This site is optimized with the Yoast SEO plugin v24.9 - https:\/\/yoast.com\/wordpress\/plugins\/seo\/ -->\n<title>La ACLU y los socios de la coalici\u00f3n condenan el asesinato policial de Grand Rapids de Patrick Lyoya y piden transparencia y responsabilidad - ACLU of Michigan<\/title>\n<meta name=\"robots\" content=\"index, follow, max-snippet:-1, max-image-preview:large, max-video-preview:-1\" \/>\n<link rel=\"canonical\" href=\"https:\/\/www.aclumich.org\/es\/press-releases\/la-aclu-y-los-socios-de-la-coalicion-condenan-el-asesinato-policial-de-grand-rapids\/\" \/>\n<meta property=\"og:locale\" content=\"es_ES\" \/>\n<meta property=\"og:type\" content=\"article\" \/>\n<meta property=\"og:title\" content=\"La ACLU y los socios de la coalici\u00f3n condenan el asesinato policial de Grand Rapids de Patrick Lyoya y piden transparencia y responsabilidad - ACLU of Michigan\" \/>\n<meta property=\"og:description\" content=\"PARA PUBLICACI\u00d3N INMEDIATA&nbsp; GRAND RAPIDS, Mich. \u2013 Tras la publicaci\u00f3n hoy por parte del Departamento de Polic\u00eda de Grand Rapids (GRPD) de varios videos horribles que documentan el asesinato policial del padre congole\u00f1o Patrick Lyoya, de 26 a\u00f1os, la Uni\u00f3n Americana de Libertades Civiles de Michigan (ACLU), Greater Grand Rapids NAACP, LINC UP y el [&hellip;]\" \/>\n<meta property=\"og:url\" content=\"https:\/\/www.aclumich.org\/es\/press-releases\/la-aclu-y-los-socios-de-la-coalicion-condenan-el-asesinato-policial-de-grand-rapids\/\" \/>\n<meta property=\"og:site_name\" content=\"ACLU of Michigan\" \/>\n<meta property=\"og:image\" content=\"https:\/\/www.aclumich.org\/app\/themes\/aclu-parent\/img\/default_fb_share.jpg\" \/>\n<meta name=\"twitter:card\" content=\"summary_large_image\" \/>\n<script type=\"application\/ld+json\" class=\"yoast-schema-graph\">{\"@context\":\"https:\/\/schema.org\",\"@graph\":[{\"@type\":\"WebPage\",\"@id\":\"https:\/\/www.aclumich.org\/es\/press-releases\/la-aclu-y-los-socios-de-la-coalicion-condenan-el-asesinato-policial-de-grand-rapids\/\",\"url\":\"https:\/\/www.aclumich.org\/es\/press-releases\/la-aclu-y-los-socios-de-la-coalicion-condenan-el-asesinato-policial-de-grand-rapids\/\",\"name\":\"La ACLU y los socios de la coalici\u00f3n condenan el asesinato policial de Grand Rapids de Patrick Lyoya y piden transparencia y responsabilidad - ACLU of Michigan\",\"isPartOf\":{\"@id\":\"https:\/\/www.aclumich.org\/#website\"},\"datePublished\":\"2022-04-13T18:48:54+00:00\",\"breadcrumb\":{\"@id\":\"https:\/\/www.aclumich.org\/es\/press-releases\/la-aclu-y-los-socios-de-la-coalicion-condenan-el-asesinato-policial-de-grand-rapids\/#breadcrumb\"},\"inLanguage\":\"es-ES\",\"potentialAction\":[{\"@type\":\"ReadAction\",\"target\":[\"https:\/\/www.aclumich.org\/es\/press-releases\/la-aclu-y-los-socios-de-la-coalicion-condenan-el-asesinato-policial-de-grand-rapids\/\"]}]},{\"@type\":\"BreadcrumbList\",\"@id\":\"https:\/\/www.aclumich.org\/es\/press-releases\/la-aclu-y-los-socios-de-la-coalicion-condenan-el-asesinato-policial-de-grand-rapids\/#breadcrumb\",\"itemListElement\":[{\"@type\":\"ListItem\",\"position\":1,\"name\":\"Press Releases\",\"item\":\"https:\/\/www.aclumich.org\/press-releases\/\"},{\"@type\":\"ListItem\",\"position\":2,\"name\":\"La ACLU y los socios de la coalici\u00f3n condenan el asesinato policial de Grand Rapids de Patrick Lyoya y piden transparencia y responsabilidad\"}]},{\"@type\":\"WebSite\",\"@id\":\"https:\/\/www.aclumich.org\/#website\",\"url\":\"https:\/\/www.aclumich.org\/\",\"name\":\"ACLU of Michigan\",\"description\":\"\",\"publisher\":{\"@id\":\"https:\/\/www.aclumich.org\/#organization\"},\"potentialAction\":[{\"@type\":\"SearchAction\",\"target\":{\"@type\":\"EntryPoint\",\"urlTemplate\":\"https:\/\/www.aclumich.org\/?s={search_term_string}\"},\"query-input\":{\"@type\":\"PropertyValueSpecification\",\"valueRequired\":true,\"valueName\":\"search_term_string\"}}],\"inLanguage\":\"es-ES\"},{\"@type\":\"Organization\",\"@id\":\"https:\/\/www.aclumich.org\/#organization\",\"name\":\"ACLU of Michigan\",\"url\":\"https:\/\/www.aclumich.org\/\",\"logo\":{\"@type\":\"ImageObject\",\"inLanguage\":\"es-ES\",\"@id\":\"https:\/\/www.aclumich.org\/#\/schema\/logo\/image\/\",\"url\":\"https:\/\/www.aclumich.org\/app\/uploads\/2025\/12\/ACLU-Michigan_Color-Logo_RGB.png\",\"contentUrl\":\"https:\/\/www.aclumich.org\/app\/uploads\/2025\/12\/ACLU-Michigan_Color-Logo_RGB.png\",\"width\":1055,\"height\":620,\"caption\":\"ACLU of Michigan\"},\"image\":{\"@id\":\"https:\/\/www.aclumich.org\/#\/schema\/logo\/image\/\"}}]}<\/script>\n<!-- \/ Yoast SEO plugin. -->","yoast_head_json":{"title":"La ACLU y los socios de la coalici\u00f3n condenan el asesinato policial de Grand Rapids de Patrick Lyoya y piden transparencia y responsabilidad - ACLU of Michigan","robots":{"index":"index","follow":"follow","max-snippet":"max-snippet:-1","max-image-preview":"max-image-preview:large","max-video-preview":"max-video-preview:-1"},"canonical":"https:\/\/www.aclumich.org\/es\/press-releases\/la-aclu-y-los-socios-de-la-coalicion-condenan-el-asesinato-policial-de-grand-rapids\/","og_locale":"es_ES","og_type":"article","og_title":"La ACLU y los socios de la coalici\u00f3n condenan el asesinato policial de Grand Rapids de Patrick Lyoya y piden transparencia y responsabilidad - ACLU of Michigan","og_description":"PARA PUBLICACI\u00d3N INMEDIATA&nbsp; GRAND RAPIDS, Mich. \u2013 Tras la publicaci\u00f3n hoy por parte del Departamento de Polic\u00eda de Grand Rapids (GRPD) de varios videos horribles que documentan el asesinato policial del padre congole\u00f1o Patrick Lyoya, de 26 a\u00f1os, la Uni\u00f3n Americana de Libertades Civiles de Michigan (ACLU), Greater Grand Rapids NAACP, LINC UP y el [&hellip;]","og_url":"https:\/\/www.aclumich.org\/es\/press-releases\/la-aclu-y-los-socios-de-la-coalicion-condenan-el-asesinato-policial-de-grand-rapids\/","og_site_name":"ACLU of Michigan","og_image":[{"url":"https:\/\/www.aclumich.org\/app\/themes\/aclu-parent\/img\/default_fb_share.jpg","type":"","width":"","height":""}],"twitter_card":"summary_large_image","schema":{"@context":"https:\/\/schema.org","@graph":[{"@type":"WebPage","@id":"https:\/\/www.aclumich.org\/es\/press-releases\/la-aclu-y-los-socios-de-la-coalicion-condenan-el-asesinato-policial-de-grand-rapids\/","url":"https:\/\/www.aclumich.org\/es\/press-releases\/la-aclu-y-los-socios-de-la-coalicion-condenan-el-asesinato-policial-de-grand-rapids\/","name":"La ACLU y los socios de la coalici\u00f3n condenan el asesinato policial de Grand Rapids de Patrick Lyoya y piden transparencia y responsabilidad - ACLU of Michigan","isPartOf":{"@id":"https:\/\/www.aclumich.org\/#website"},"datePublished":"2022-04-13T18:48:54+00:00","breadcrumb":{"@id":"https:\/\/www.aclumich.org\/es\/press-releases\/la-aclu-y-los-socios-de-la-coalicion-condenan-el-asesinato-policial-de-grand-rapids\/#breadcrumb"},"inLanguage":"es-ES","potentialAction":[{"@type":"ReadAction","target":["https:\/\/www.aclumich.org\/es\/press-releases\/la-aclu-y-los-socios-de-la-coalicion-condenan-el-asesinato-policial-de-grand-rapids\/"]}]},{"@type":"BreadcrumbList","@id":"https:\/\/www.aclumich.org\/es\/press-releases\/la-aclu-y-los-socios-de-la-coalicion-condenan-el-asesinato-policial-de-grand-rapids\/#breadcrumb","itemListElement":[{"@type":"ListItem","position":1,"name":"Press Releases","item":"https:\/\/www.aclumich.org\/press-releases\/"},{"@type":"ListItem","position":2,"name":"La ACLU y los socios de la coalici\u00f3n condenan el asesinato policial de Grand Rapids de Patrick Lyoya y piden transparencia y responsabilidad"}]},{"@type":"WebSite","@id":"https:\/\/www.aclumich.org\/#website","url":"https:\/\/www.aclumich.org\/","name":"ACLU of Michigan","description":"","publisher":{"@id":"https:\/\/www.aclumich.org\/#organization"},"potentialAction":[{"@type":"SearchAction","target":{"@type":"EntryPoint","urlTemplate":"https:\/\/www.aclumich.org\/?s={search_term_string}"},"query-input":{"@type":"PropertyValueSpecification","valueRequired":true,"valueName":"search_term_string"}}],"inLanguage":"es-ES"},{"@type":"Organization","@id":"https:\/\/www.aclumich.org\/#organization","name":"ACLU of Michigan","url":"https:\/\/www.aclumich.org\/","logo":{"@type":"ImageObject","inLanguage":"es-ES","@id":"https:\/\/www.aclumich.org\/#\/schema\/logo\/image\/","url":"https:\/\/www.aclumich.org\/app\/uploads\/2025\/12\/ACLU-Michigan_Color-Logo_RGB.png","contentUrl":"https:\/\/www.aclumich.org\/app\/uploads\/2025\/12\/ACLU-Michigan_Color-Logo_RGB.png","width":1055,"height":620,"caption":"ACLU of Michigan"},"image":{"@id":"https:\/\/www.aclumich.org\/#\/schema\/logo\/image\/"}}]}},"distributor_meta":false,"distributor_terms":false,"distributor_media":false,"distributor_original_site_name":"ACLU of Michigan","distributor_original_site_url":"https:\/\/www.aclumich.org\/es\/","push-errors":false,"_links":{"self":[{"href":"https:\/\/www.aclumich.org\/es\/wp-json\/wp\/v2\/press_release\/6333","targetHints":{"allow":["GET"]}}],"collection":[{"href":"https:\/\/www.aclumich.org\/es\/wp-json\/wp\/v2\/press_release"}],"about":[{"href":"https:\/\/www.aclumich.org\/es\/wp-json\/wp\/v2\/types\/press_release"}],"author":[{"embeddable":true,"href":"https:\/\/www.aclumich.org\/es\/wp-json\/wp\/v2\/users\/4"}],"version-history":[{"count":0,"href":"https:\/\/www.aclumich.org\/es\/wp-json\/wp\/v2\/press_release\/6333\/revisions"}],"wp:attachment":[{"href":"https:\/\/www.aclumich.org\/es\/wp-json\/wp\/v2\/media?parent=6333"}],"curies":[{"name":"wp","href":"https:\/\/api.w.org\/{rel}","templated":true}]}}