{"id":6487,"date":"2024-04-24T14:37:28","date_gmt":"2024-04-24T18:37:28","guid":{"rendered":"https:\/\/www.aclumich.org\/news\/press_release\/aclu-ruega-por-el-continuo-control-ante-el-pacifico-campamento-estudiantil-en-la\/"},"modified":"2024-04-24T14:37:28","modified_gmt":"2024-04-24T18:37:28","slug":"aclu-ruega-por-el-continuo-control-ante-el-pacifico-campamento-estudiantil-en-la","status":"publish","type":"press_release","link":"https:\/\/www.aclumich.org\/es\/press-releases\/aclu-ruega-por-el-continuo-control-ante-el-pacifico-campamento-estudiantil-en-la\/","title":{"rendered":"ACLU ruega por el continuo control ante el pac\u00edfico campamento estudiantil en la Universidad de Michigan"},"author":4,"featured_media":0,"menu_order":0,"template":"","meta":{"_acf_changed":false,"_relevanssi_hide_post":"","_relevanssi_hide_content":"","_relevanssi_pin_for_all":"","_relevanssi_pin_keywords":"","_relevanssi_unpin_keywords":"","_relevanssi_related_keywords":"","_relevanssi_related_include_ids":"","_relevanssi_related_exclude_ids":"","_relevanssi_related_no_append":"","_relevanssi_related_not_related":"","_relevanssi_related_posts":"","_relevanssi_noindex_reason":""},"class_list":["post-6487","press_release","type-press_release","status-publish","hentry"],"acf":{"subheading":"DETROIT, Michigan - La ACLU de Michigan est\u00e1 consciente de que los estudiantes de la Universidad de Michigan se han unido a otras comunidades universitarias de todo el pa\u00eds para establecer un campamento pac\u00edfico en el Diag, el espacio p\u00fablico m\u00e1s destacado de la Universidad.\n","date_and_time":"2024-04-24 14:30:00","featured_image":2541,"components":[{"acf_fc_layout":"text","text":{"text":"<b>PARA PUBLICACI\u00d3N INMEDIATA<\/b>\n\n24 de abril de 2024\n\nCONTACTO CON LOS MEDIOS\n\nAnn Mullen, 313-400-8562, <a href=\"mailto:amullen@aclumich.org\">amullen@aclumich.org<\/a> \n\n<b>DETROIT, Michigan<\/b> - La ACLU de Michigan est\u00e1 consciente de que los estudiantes de la Universidad de Michigan se han unido a otras comunidades universitarias de todo el pa\u00eds para establecer un campamento pac\u00edfico en el Diag, el espacio p\u00fablico m\u00e1s destacado de la Universidad.\n\nEste montaje pac\u00edfico de casas de campa\u00f1a en zonas p\u00fablicas es una forma de expresi\u00f3n que merece una importante protecci\u00f3n constitucional, especialmente en un momento dif\u00edcil en el que se mantienen conversaciones y debates a nivel nacional sobre la crisis en Israel y Palestina.\n\nSi bien estamos conscientes de la presencia policial alrededor del Diag, nos alegra ver que no ha habido ninguna escalada policial o universitaria significativa contra los estudiantes manifestantes. La ACLU aplaude y aprecia esta moderaci\u00f3n, y alentamos a la Universidad y a los departamentos de polic\u00eda locales a continuar por este camino. Para la administraci\u00f3n, esto tambi\u00e9n representa un paso admirable hacia el cultivo de un enfoque adecuadamente tolerante ante la disidencia liderada por estudiantes.\n\nLa polic\u00eda que se encuentra actualmente cerca de la protesta deber\u00eda limitar su participaci\u00f3n a garantizar que la protesta, as\u00ed como cualquier contra protesta, pueda continuar de manera pac\u00edfica y segura. Una presencia policial excesiva puede aumentar innecesariamente las tensiones, por lo que urgimos a que la presencia policial sea proporcional a las necesidades reales de la situaci\u00f3n.\n\nLos tribunales han reconocido desde hace mucho tiempo que las universidades se encuentran en el centro de nuestra tradici\u00f3n intelectual y filos\u00f3fica, y la Universidad y sus estudiantes tienen una rica y larga historia de ejemplificar esta tradici\u00f3n a trav\u00e9s de la protesta en el campus. Participar en el activismo estudiantil y lidiar con ideas y visiones del mundo diferentes, incluso dolorosas, es una parte esencial de la experiencia de aprendizaje de la Universidad, y los administradores de la Universidad tienen la responsabilidad de permitir que los estudiantes expresen abiertamente sus puntos de vista pol\u00edticos, especialmente cuando esos puntos de vista critican a la Universidad.\n\nPor supuesto, todos los estudiantes merecen igual acceso a la educaci\u00f3n, libre de discriminaci\u00f3n por motivos de religi\u00f3n, raza y origen \u00e9tnico. Las escuelas tienen la responsabilidad de mantener a los estudiantes protegidos de la violencia y la discriminaci\u00f3n, as\u00ed como de la censura. Por lo tanto, la regulaci\u00f3n administrativa de las protestas estudiantiles deber\u00eda limitarse a proteger a los miembros de la comunidad de la violencia real y la discriminaci\u00f3n basada en religi\u00f3n, raza, etnia y otras clases protegidas.\n\nLa ACLU tambi\u00e9n anima a los estudiantes a obtener y revisar las pol\u00edticas de sus escuelas con respecto a manifestaciones y protestas, y a conocer sus derechos.\n\nPuede leer esta declaraci\u00f3n aqu\u00ed: <a href=\"https:\/\/www.aclumich.org\/en\/press-releases\/aclu-urges-continued-restraint-face-peaceful-student-encampment-university-michigan\">https:\/\/www.aclumich.org\/en\/press-releases\/aclu-urges-continued-restraint-face-peaceful-student-encampment-university-michigan<\/a> \n\n# # # #"}}],"use_default_media_contact":false,"name":"<p>Ann Mullen, 313-400-8562, amullen@aclumich.org <\/p>","email":"","phone":"","address":{"address_1":"","address_2":"","city":"","state":"","zip_code":"","country":"United States"},"pgp_public_key":"","spokesperson":null,"related_content":[],"issues":null,"toggle-pdf":true,"documents":null},"yoast_head":"<!-- This site is optimized with the Yoast SEO plugin v24.9 - https:\/\/yoast.com\/wordpress\/plugins\/seo\/ -->\n<title>ACLU ruega por el continuo control ante el pac\u00edfico campamento estudiantil en la Universidad de Michigan - ACLU of Michigan<\/title>\n<meta name=\"robots\" content=\"index, follow, max-snippet:-1, max-image-preview:large, max-video-preview:-1\" \/>\n<link rel=\"canonical\" href=\"https:\/\/www.aclumich.org\/es\/press-releases\/aclu-ruega-por-el-continuo-control-ante-el-pacifico-campamento-estudiantil-en-la\/\" \/>\n<meta property=\"og:locale\" content=\"es_ES\" \/>\n<meta property=\"og:type\" content=\"article\" \/>\n<meta property=\"og:title\" content=\"ACLU ruega por el continuo control ante el pac\u00edfico campamento estudiantil en la Universidad de Michigan - ACLU of Michigan\" \/>\n<meta property=\"og:description\" content=\"DETROIT, Michigan - La ACLU de Michigan est\u00e1 consciente de que los estudiantes de la Universidad de Michigan se han unido a otras comunidades universitarias de todo el pa\u00eds para establecer un campamento pac\u00edfico en el Diag, el espacio p\u00fablico m\u00e1s destacado de la Universidad.\" \/>\n<meta property=\"og:url\" content=\"https:\/\/www.aclumich.org\/es\/press-releases\/aclu-ruega-por-el-continuo-control-ante-el-pacifico-campamento-estudiantil-en-la\/\" \/>\n<meta property=\"og:site_name\" content=\"ACLU of Michigan\" \/>\n<meta property=\"og:image\" content=\"https:\/\/www.aclumich.org\/app\/themes\/aclu-parent\/img\/default_fb_share.jpg\" \/>\n<meta name=\"twitter:card\" content=\"summary_large_image\" \/>\n<script type=\"application\/ld+json\" class=\"yoast-schema-graph\">{\"@context\":\"https:\/\/schema.org\",\"@graph\":[{\"@type\":\"WebPage\",\"@id\":\"https:\/\/www.aclumich.org\/es\/press-releases\/aclu-ruega-por-el-continuo-control-ante-el-pacifico-campamento-estudiantil-en-la\/\",\"url\":\"https:\/\/www.aclumich.org\/es\/press-releases\/aclu-ruega-por-el-continuo-control-ante-el-pacifico-campamento-estudiantil-en-la\/\",\"name\":\"ACLU ruega por el continuo control ante el pac\u00edfico campamento estudiantil en la Universidad de Michigan - ACLU of Michigan\",\"isPartOf\":{\"@id\":\"https:\/\/www.aclumich.org\/#website\"},\"datePublished\":\"2024-04-24T18:37:28+00:00\",\"breadcrumb\":{\"@id\":\"https:\/\/www.aclumich.org\/es\/press-releases\/aclu-ruega-por-el-continuo-control-ante-el-pacifico-campamento-estudiantil-en-la\/#breadcrumb\"},\"inLanguage\":\"es-ES\",\"potentialAction\":[{\"@type\":\"ReadAction\",\"target\":[\"https:\/\/www.aclumich.org\/es\/press-releases\/aclu-ruega-por-el-continuo-control-ante-el-pacifico-campamento-estudiantil-en-la\/\"]}]},{\"@type\":\"BreadcrumbList\",\"@id\":\"https:\/\/www.aclumich.org\/es\/press-releases\/aclu-ruega-por-el-continuo-control-ante-el-pacifico-campamento-estudiantil-en-la\/#breadcrumb\",\"itemListElement\":[{\"@type\":\"ListItem\",\"position\":1,\"name\":\"Press Releases\",\"item\":\"https:\/\/www.aclumich.org\/press-releases\/\"},{\"@type\":\"ListItem\",\"position\":2,\"name\":\"ACLU ruega por el continuo control ante el pac\u00edfico campamento estudiantil en la Universidad de Michigan\"}]},{\"@type\":\"WebSite\",\"@id\":\"https:\/\/www.aclumich.org\/#website\",\"url\":\"https:\/\/www.aclumich.org\/\",\"name\":\"ACLU of Michigan\",\"description\":\"\",\"publisher\":{\"@id\":\"https:\/\/www.aclumich.org\/#organization\"},\"potentialAction\":[{\"@type\":\"SearchAction\",\"target\":{\"@type\":\"EntryPoint\",\"urlTemplate\":\"https:\/\/www.aclumich.org\/?s={search_term_string}\"},\"query-input\":{\"@type\":\"PropertyValueSpecification\",\"valueRequired\":true,\"valueName\":\"search_term_string\"}}],\"inLanguage\":\"es-ES\"},{\"@type\":\"Organization\",\"@id\":\"https:\/\/www.aclumich.org\/#organization\",\"name\":\"ACLU of Michigan\",\"url\":\"https:\/\/www.aclumich.org\/\",\"logo\":{\"@type\":\"ImageObject\",\"inLanguage\":\"es-ES\",\"@id\":\"https:\/\/www.aclumich.org\/#\/schema\/logo\/image\/\",\"url\":\"https:\/\/www.aclumich.org\/app\/uploads\/2025\/12\/ACLU-Michigan_Color-Logo_RGB.png\",\"contentUrl\":\"https:\/\/www.aclumich.org\/app\/uploads\/2025\/12\/ACLU-Michigan_Color-Logo_RGB.png\",\"width\":1055,\"height\":620,\"caption\":\"ACLU of Michigan\"},\"image\":{\"@id\":\"https:\/\/www.aclumich.org\/#\/schema\/logo\/image\/\"}}]}<\/script>\n<!-- \/ Yoast SEO plugin. -->","yoast_head_json":{"title":"ACLU ruega por el continuo control ante el pac\u00edfico campamento estudiantil en la Universidad de Michigan - ACLU of Michigan","robots":{"index":"index","follow":"follow","max-snippet":"max-snippet:-1","max-image-preview":"max-image-preview:large","max-video-preview":"max-video-preview:-1"},"canonical":"https:\/\/www.aclumich.org\/es\/press-releases\/aclu-ruega-por-el-continuo-control-ante-el-pacifico-campamento-estudiantil-en-la\/","og_locale":"es_ES","og_type":"article","og_title":"ACLU ruega por el continuo control ante el pac\u00edfico campamento estudiantil en la Universidad de Michigan - ACLU of Michigan","og_description":"DETROIT, Michigan - La ACLU de Michigan est\u00e1 consciente de que los estudiantes de la Universidad de Michigan se han unido a otras comunidades universitarias de todo el pa\u00eds para establecer un campamento pac\u00edfico en el Diag, el espacio p\u00fablico m\u00e1s destacado de la Universidad.","og_url":"https:\/\/www.aclumich.org\/es\/press-releases\/aclu-ruega-por-el-continuo-control-ante-el-pacifico-campamento-estudiantil-en-la\/","og_site_name":"ACLU of Michigan","og_image":[{"url":"https:\/\/www.aclumich.org\/app\/themes\/aclu-parent\/img\/default_fb_share.jpg","type":"","width":"","height":""}],"twitter_card":"summary_large_image","schema":{"@context":"https:\/\/schema.org","@graph":[{"@type":"WebPage","@id":"https:\/\/www.aclumich.org\/es\/press-releases\/aclu-ruega-por-el-continuo-control-ante-el-pacifico-campamento-estudiantil-en-la\/","url":"https:\/\/www.aclumich.org\/es\/press-releases\/aclu-ruega-por-el-continuo-control-ante-el-pacifico-campamento-estudiantil-en-la\/","name":"ACLU ruega por el continuo control ante el pac\u00edfico campamento estudiantil en la Universidad de Michigan - ACLU of Michigan","isPartOf":{"@id":"https:\/\/www.aclumich.org\/#website"},"datePublished":"2024-04-24T18:37:28+00:00","breadcrumb":{"@id":"https:\/\/www.aclumich.org\/es\/press-releases\/aclu-ruega-por-el-continuo-control-ante-el-pacifico-campamento-estudiantil-en-la\/#breadcrumb"},"inLanguage":"es-ES","potentialAction":[{"@type":"ReadAction","target":["https:\/\/www.aclumich.org\/es\/press-releases\/aclu-ruega-por-el-continuo-control-ante-el-pacifico-campamento-estudiantil-en-la\/"]}]},{"@type":"BreadcrumbList","@id":"https:\/\/www.aclumich.org\/es\/press-releases\/aclu-ruega-por-el-continuo-control-ante-el-pacifico-campamento-estudiantil-en-la\/#breadcrumb","itemListElement":[{"@type":"ListItem","position":1,"name":"Press Releases","item":"https:\/\/www.aclumich.org\/press-releases\/"},{"@type":"ListItem","position":2,"name":"ACLU ruega por el continuo control ante el pac\u00edfico campamento estudiantil en la Universidad de Michigan"}]},{"@type":"WebSite","@id":"https:\/\/www.aclumich.org\/#website","url":"https:\/\/www.aclumich.org\/","name":"ACLU of Michigan","description":"","publisher":{"@id":"https:\/\/www.aclumich.org\/#organization"},"potentialAction":[{"@type":"SearchAction","target":{"@type":"EntryPoint","urlTemplate":"https:\/\/www.aclumich.org\/?s={search_term_string}"},"query-input":{"@type":"PropertyValueSpecification","valueRequired":true,"valueName":"search_term_string"}}],"inLanguage":"es-ES"},{"@type":"Organization","@id":"https:\/\/www.aclumich.org\/#organization","name":"ACLU of Michigan","url":"https:\/\/www.aclumich.org\/","logo":{"@type":"ImageObject","inLanguage":"es-ES","@id":"https:\/\/www.aclumich.org\/#\/schema\/logo\/image\/","url":"https:\/\/www.aclumich.org\/app\/uploads\/2025\/12\/ACLU-Michigan_Color-Logo_RGB.png","contentUrl":"https:\/\/www.aclumich.org\/app\/uploads\/2025\/12\/ACLU-Michigan_Color-Logo_RGB.png","width":1055,"height":620,"caption":"ACLU of Michigan"},"image":{"@id":"https:\/\/www.aclumich.org\/#\/schema\/logo\/image\/"}}]}},"distributor_meta":false,"distributor_terms":false,"distributor_media":false,"distributor_original_site_name":"ACLU of Michigan","distributor_original_site_url":"https:\/\/www.aclumich.org\/es\/","push-errors":false,"_links":{"self":[{"href":"https:\/\/www.aclumich.org\/es\/wp-json\/wp\/v2\/press_release\/6487","targetHints":{"allow":["GET"]}}],"collection":[{"href":"https:\/\/www.aclumich.org\/es\/wp-json\/wp\/v2\/press_release"}],"about":[{"href":"https:\/\/www.aclumich.org\/es\/wp-json\/wp\/v2\/types\/press_release"}],"author":[{"embeddable":true,"href":"https:\/\/www.aclumich.org\/es\/wp-json\/wp\/v2\/users\/4"}],"version-history":[{"count":0,"href":"https:\/\/www.aclumich.org\/es\/wp-json\/wp\/v2\/press_release\/6487\/revisions"}],"wp:attachment":[{"href":"https:\/\/www.aclumich.org\/es\/wp-json\/wp\/v2\/media?parent=6487"}],"curies":[{"name":"wp","href":"https:\/\/api.w.org\/{rel}","templated":true}]}}