{"id":6608,"date":"2025-05-08T18:57:33","date_gmt":"2025-05-08T22:57:33","guid":{"rendered":"https:\/\/www.aclumich.org\/news\/press_release\/la-aclu-responde-la-incapacidad-del-jurado-para-llegar-un-veredicto-en-el-asesinato\/"},"modified":"2025-05-08T18:57:33","modified_gmt":"2025-05-08T22:57:33","slug":"la-aclu-responde-la-incapacidad-del-jurado-para-llegar-un-veredicto-en-el-asesinato","status":"publish","type":"press_release","link":"https:\/\/www.aclumich.org\/es\/press-releases\/la-aclu-responde-la-incapacidad-del-jurado-para-llegar-un-veredicto-en-el-asesinato\/","title":{"rendered":"La ACLU responde a la incapacidad del jurado para llegar a un veredicto en el asesinato de Patrick Lyoya"},"author":8,"featured_media":0,"menu_order":0,"template":"","meta":{"_acf_changed":false,"_relevanssi_hide_post":"","_relevanssi_hide_content":"","_relevanssi_pin_for_all":"","_relevanssi_pin_keywords":"","_relevanssi_unpin_keywords":"","_relevanssi_related_keywords":"","_relevanssi_related_include_ids":"","_relevanssi_related_exclude_ids":"","_relevanssi_related_no_append":"","_relevanssi_related_not_related":"","_relevanssi_related_posts":"","_relevanssi_noindex_reason":""},"class_list":["post-6608","press_release","type-press_release","status-publish","hentry"],"acf":{"subheading":"DETROIT \u2013 La siguiente es la respuesta de la ACLU de Michigan ante la incapacidad del jurado a llegar a un veredicto en el asesinato del refugiado congole\u00f1o Patrick Lyoya, y la declaraci\u00f3n del tribunal de nulidad del juicio.\n","date_and_time":"2025-05-08 19:00:00","featured_image":2541,"components":[{"acf_fc_layout":"text","text":{"text":"<b>DETROIT<\/b> \u2013 La siguiente es la respuesta de la ACLU de Michigan ante la incapacidad del jurado a llegar a un veredicto en el asesinato del refugiado congole\u00f1o Patrick Lyoya, y la declaraci\u00f3n del tribunal de nulidad del juicio:\n\nA pesar de dedicar considerable tiempo y energ\u00eda a los esfuerzos para llegar a un veredicto en el asesinato de Patrick Lyoya a manos del ex oficial de polic\u00eda de Grand Rapids, Christopher Schurr, el jurado no pudo hacerlo. La nulidad del juicio deja un dolor e incertidumbre constantes en nuestra comunidad.\n\nPero lo que la nulidad del juicio no cambia es el hecho de que la muerte del Sr. Lyoya, un querido hijo, hermano y padre de dos hijos, que vino a este pa\u00eds en busca de una vida mejor, era evitable. Una verdadera rendici\u00f3n de cuentas implica un compromiso de la ciudad de Grand Rapids y su departamento de polic\u00eda con una reforma policial real y duradera, un compromiso que se evidencia en que no se pierdan m\u00e1s vidas.\n\nPara evitar m\u00e1s da\u00f1os y muertes \u2014la comunidad ya ha sufrido mucho\u2014 necesitamos una reforma sist\u00e9mica. Debemos exigir que nuestros legisladores estatales aprueben propuestas de ley sensatas sobre la rendici\u00f3n de cuentas policial que proh\u00edban la persecuci\u00f3n de personas que no representan una amenaza o peligro inminente para el agente ni para terceros. Las pr\u00e1cticas policiales deben estar dise\u00f1adas para reducir, en lugar de aumentar, la probabilidad de violencia. Si esas propuestas de ley se hubieran hecho ley, podr\u00edan haber evitado las circunstancias que resultaron en la muerte del Sr. Lyoya.\n\nTambi\u00e9n necesitamos cambiar las pol\u00edticas policiales en Grand Rapids, incluyendo el uso de recursos no policiales, como consejeros de salud mental, para situaciones que no requieren agentes armados, y el aumento de la supervisi\u00f3n y la rendici\u00f3n de cuentas por parte de la ciudadan\u00eda. Lo m\u00e1s importante es que la comunidad debe tener voz y voto en las decisiones sobre c\u00f3mo se gastan los fondos destinados a la seguridad p\u00fablica y qu\u00e9 se incluye en los contratos sindicales de la polic\u00eda.\n\nEste es un momento de dolor y confusi\u00f3n para muchos en nuestra comunidad. Sugerimos paciencia, comprensi\u00f3n y empat\u00eda de quienes en la comunidad se enfrentan a la anulaci\u00f3n del juicio en este caso, considerando la larga tradici\u00f3n de los jurados en este pa\u00eds de precipitarse en el juicio o deliberar con cautela bas\u00e1ndose en la identidad racial de los acusados \u200b\u200by las v\u00edctimas. Hacemos un llamado a la Ciudad de Grand Rapids y al Departamento de Polic\u00eda de Grand Rapids a que no solo respeten el derecho a expresarse, sino que tambi\u00e9n muestren empat\u00eda con quienes consideran injusto el juicio nulo y a que manejen con gran sensibilidad cualquier reuni\u00f3n o protesta comunitaria.\n\n \n\n###"}}],"use_default_media_contact":true,"name":"","email":"","phone":"","address":{"address_1":"","address_2":"","city":"","state":"","zip_code":"","country":"United States"},"pgp_public_key":"","spokesperson":null,"related_content":[],"issues":null,"toggle-pdf":true,"documents":null},"yoast_head":"<!-- This site is optimized with the Yoast SEO plugin v24.9 - https:\/\/yoast.com\/wordpress\/plugins\/seo\/ -->\n<title>La ACLU responde a la incapacidad del jurado para llegar a un veredicto en el asesinato de Patrick Lyoya - ACLU of Michigan<\/title>\n<meta name=\"robots\" content=\"index, follow, max-snippet:-1, max-image-preview:large, max-video-preview:-1\" \/>\n<link rel=\"canonical\" href=\"https:\/\/www.aclumich.org\/es\/press-releases\/la-aclu-responde-la-incapacidad-del-jurado-para-llegar-un-veredicto-en-el-asesinato\/\" \/>\n<meta property=\"og:locale\" content=\"es_ES\" \/>\n<meta property=\"og:type\" content=\"article\" \/>\n<meta property=\"og:title\" content=\"La ACLU responde a la incapacidad del jurado para llegar a un veredicto en el asesinato de Patrick Lyoya - ACLU of Michigan\" \/>\n<meta property=\"og:description\" content=\"DETROIT \u2013 La siguiente es la respuesta de la ACLU de Michigan ante la incapacidad del jurado a llegar a un veredicto en el asesinato del refugiado congole\u00f1o Patrick Lyoya, y la declaraci\u00f3n del tribunal de nulidad del juicio.\" \/>\n<meta property=\"og:url\" content=\"https:\/\/www.aclumich.org\/es\/press-releases\/la-aclu-responde-la-incapacidad-del-jurado-para-llegar-un-veredicto-en-el-asesinato\/\" \/>\n<meta property=\"og:site_name\" content=\"ACLU of Michigan\" \/>\n<meta property=\"og:image\" content=\"https:\/\/www.aclumich.org\/app\/themes\/aclu-parent\/img\/default_fb_share.jpg\" \/>\n<meta name=\"twitter:card\" content=\"summary_large_image\" \/>\n<script type=\"application\/ld+json\" class=\"yoast-schema-graph\">{\"@context\":\"https:\/\/schema.org\",\"@graph\":[{\"@type\":\"WebPage\",\"@id\":\"https:\/\/www.aclumich.org\/es\/press-releases\/la-aclu-responde-la-incapacidad-del-jurado-para-llegar-un-veredicto-en-el-asesinato\/\",\"url\":\"https:\/\/www.aclumich.org\/es\/press-releases\/la-aclu-responde-la-incapacidad-del-jurado-para-llegar-un-veredicto-en-el-asesinato\/\",\"name\":\"La ACLU responde a la incapacidad del jurado para llegar a un veredicto en el asesinato de Patrick Lyoya - ACLU of Michigan\",\"isPartOf\":{\"@id\":\"https:\/\/www.aclumich.org\/#website\"},\"datePublished\":\"2025-05-08T22:57:33+00:00\",\"breadcrumb\":{\"@id\":\"https:\/\/www.aclumich.org\/es\/press-releases\/la-aclu-responde-la-incapacidad-del-jurado-para-llegar-un-veredicto-en-el-asesinato\/#breadcrumb\"},\"inLanguage\":\"es-ES\",\"potentialAction\":[{\"@type\":\"ReadAction\",\"target\":[\"https:\/\/www.aclumich.org\/es\/press-releases\/la-aclu-responde-la-incapacidad-del-jurado-para-llegar-un-veredicto-en-el-asesinato\/\"]}]},{\"@type\":\"BreadcrumbList\",\"@id\":\"https:\/\/www.aclumich.org\/es\/press-releases\/la-aclu-responde-la-incapacidad-del-jurado-para-llegar-un-veredicto-en-el-asesinato\/#breadcrumb\",\"itemListElement\":[{\"@type\":\"ListItem\",\"position\":1,\"name\":\"Press Releases\",\"item\":\"https:\/\/www.aclumich.org\/press-releases\/\"},{\"@type\":\"ListItem\",\"position\":2,\"name\":\"La ACLU responde a la incapacidad del jurado para llegar a un veredicto en el asesinato de Patrick Lyoya\"}]},{\"@type\":\"WebSite\",\"@id\":\"https:\/\/www.aclumich.org\/#website\",\"url\":\"https:\/\/www.aclumich.org\/\",\"name\":\"ACLU of Michigan\",\"description\":\"\",\"publisher\":{\"@id\":\"https:\/\/www.aclumich.org\/#organization\"},\"potentialAction\":[{\"@type\":\"SearchAction\",\"target\":{\"@type\":\"EntryPoint\",\"urlTemplate\":\"https:\/\/www.aclumich.org\/?s={search_term_string}\"},\"query-input\":{\"@type\":\"PropertyValueSpecification\",\"valueRequired\":true,\"valueName\":\"search_term_string\"}}],\"inLanguage\":\"es-ES\"},{\"@type\":\"Organization\",\"@id\":\"https:\/\/www.aclumich.org\/#organization\",\"name\":\"ACLU of Michigan\",\"url\":\"https:\/\/www.aclumich.org\/\",\"logo\":{\"@type\":\"ImageObject\",\"inLanguage\":\"es-ES\",\"@id\":\"https:\/\/www.aclumich.org\/#\/schema\/logo\/image\/\",\"url\":\"https:\/\/www.aclumich.org\/app\/uploads\/2025\/12\/ACLU-Michigan_Color-Logo_RGB.png\",\"contentUrl\":\"https:\/\/www.aclumich.org\/app\/uploads\/2025\/12\/ACLU-Michigan_Color-Logo_RGB.png\",\"width\":1055,\"height\":620,\"caption\":\"ACLU of Michigan\"},\"image\":{\"@id\":\"https:\/\/www.aclumich.org\/#\/schema\/logo\/image\/\"}}]}<\/script>\n<!-- \/ Yoast SEO plugin. -->","yoast_head_json":{"title":"La ACLU responde a la incapacidad del jurado para llegar a un veredicto en el asesinato de Patrick Lyoya - ACLU of Michigan","robots":{"index":"index","follow":"follow","max-snippet":"max-snippet:-1","max-image-preview":"max-image-preview:large","max-video-preview":"max-video-preview:-1"},"canonical":"https:\/\/www.aclumich.org\/es\/press-releases\/la-aclu-responde-la-incapacidad-del-jurado-para-llegar-un-veredicto-en-el-asesinato\/","og_locale":"es_ES","og_type":"article","og_title":"La ACLU responde a la incapacidad del jurado para llegar a un veredicto en el asesinato de Patrick Lyoya - ACLU of Michigan","og_description":"DETROIT \u2013 La siguiente es la respuesta de la ACLU de Michigan ante la incapacidad del jurado a llegar a un veredicto en el asesinato del refugiado congole\u00f1o Patrick Lyoya, y la declaraci\u00f3n del tribunal de nulidad del juicio.","og_url":"https:\/\/www.aclumich.org\/es\/press-releases\/la-aclu-responde-la-incapacidad-del-jurado-para-llegar-un-veredicto-en-el-asesinato\/","og_site_name":"ACLU of Michigan","og_image":[{"url":"https:\/\/www.aclumich.org\/app\/themes\/aclu-parent\/img\/default_fb_share.jpg","type":"","width":"","height":""}],"twitter_card":"summary_large_image","schema":{"@context":"https:\/\/schema.org","@graph":[{"@type":"WebPage","@id":"https:\/\/www.aclumich.org\/es\/press-releases\/la-aclu-responde-la-incapacidad-del-jurado-para-llegar-un-veredicto-en-el-asesinato\/","url":"https:\/\/www.aclumich.org\/es\/press-releases\/la-aclu-responde-la-incapacidad-del-jurado-para-llegar-un-veredicto-en-el-asesinato\/","name":"La ACLU responde a la incapacidad del jurado para llegar a un veredicto en el asesinato de Patrick Lyoya - ACLU of Michigan","isPartOf":{"@id":"https:\/\/www.aclumich.org\/#website"},"datePublished":"2025-05-08T22:57:33+00:00","breadcrumb":{"@id":"https:\/\/www.aclumich.org\/es\/press-releases\/la-aclu-responde-la-incapacidad-del-jurado-para-llegar-un-veredicto-en-el-asesinato\/#breadcrumb"},"inLanguage":"es-ES","potentialAction":[{"@type":"ReadAction","target":["https:\/\/www.aclumich.org\/es\/press-releases\/la-aclu-responde-la-incapacidad-del-jurado-para-llegar-un-veredicto-en-el-asesinato\/"]}]},{"@type":"BreadcrumbList","@id":"https:\/\/www.aclumich.org\/es\/press-releases\/la-aclu-responde-la-incapacidad-del-jurado-para-llegar-un-veredicto-en-el-asesinato\/#breadcrumb","itemListElement":[{"@type":"ListItem","position":1,"name":"Press Releases","item":"https:\/\/www.aclumich.org\/press-releases\/"},{"@type":"ListItem","position":2,"name":"La ACLU responde a la incapacidad del jurado para llegar a un veredicto en el asesinato de Patrick Lyoya"}]},{"@type":"WebSite","@id":"https:\/\/www.aclumich.org\/#website","url":"https:\/\/www.aclumich.org\/","name":"ACLU of Michigan","description":"","publisher":{"@id":"https:\/\/www.aclumich.org\/#organization"},"potentialAction":[{"@type":"SearchAction","target":{"@type":"EntryPoint","urlTemplate":"https:\/\/www.aclumich.org\/?s={search_term_string}"},"query-input":{"@type":"PropertyValueSpecification","valueRequired":true,"valueName":"search_term_string"}}],"inLanguage":"es-ES"},{"@type":"Organization","@id":"https:\/\/www.aclumich.org\/#organization","name":"ACLU of Michigan","url":"https:\/\/www.aclumich.org\/","logo":{"@type":"ImageObject","inLanguage":"es-ES","@id":"https:\/\/www.aclumich.org\/#\/schema\/logo\/image\/","url":"https:\/\/www.aclumich.org\/app\/uploads\/2025\/12\/ACLU-Michigan_Color-Logo_RGB.png","contentUrl":"https:\/\/www.aclumich.org\/app\/uploads\/2025\/12\/ACLU-Michigan_Color-Logo_RGB.png","width":1055,"height":620,"caption":"ACLU of Michigan"},"image":{"@id":"https:\/\/www.aclumich.org\/#\/schema\/logo\/image\/"}}]}},"distributor_meta":false,"distributor_terms":false,"distributor_media":false,"distributor_original_site_name":"ACLU of Michigan","distributor_original_site_url":"https:\/\/www.aclumich.org\/es\/","push-errors":false,"_links":{"self":[{"href":"https:\/\/www.aclumich.org\/es\/wp-json\/wp\/v2\/press_release\/6608","targetHints":{"allow":["GET"]}}],"collection":[{"href":"https:\/\/www.aclumich.org\/es\/wp-json\/wp\/v2\/press_release"}],"about":[{"href":"https:\/\/www.aclumich.org\/es\/wp-json\/wp\/v2\/types\/press_release"}],"author":[{"embeddable":true,"href":"https:\/\/www.aclumich.org\/es\/wp-json\/wp\/v2\/users\/8"}],"version-history":[{"count":0,"href":"https:\/\/www.aclumich.org\/es\/wp-json\/wp\/v2\/press_release\/6608\/revisions"}],"wp:attachment":[{"href":"https:\/\/www.aclumich.org\/es\/wp-json\/wp\/v2\/media?parent=6608"}],"curies":[{"name":"wp","href":"https:\/\/api.w.org\/{rel}","templated":true}]}}