{"id":6612,"date":"2025-05-30T11:31:11","date_gmt":"2025-05-30T15:31:11","guid":{"rendered":"https:\/\/www.aclumich.org\/news\/press_release\/nueva-ventana-del-orgullo-de-la-aclu-las-personas-trans-no-seran-borradas\/"},"modified":"2025-05-30T11:31:11","modified_gmt":"2025-05-30T15:31:11","slug":"nueva-ventana-del-orgullo-de-la-aclu-las-personas-trans-no-seran-borradas","status":"publish","type":"press_release","link":"https:\/\/www.aclumich.org\/es\/press-releases\/nueva-ventana-del-orgullo-de-la-aclu-las-personas-trans-no-seran-borradas\/","title":{"rendered":"Nueva ventana del Orgullo de la ACLU: 'Las personas trans no ser\u00e1n borradas'"},"author":4,"featured_media":0,"menu_order":0,"template":"","meta":{"_acf_changed":false,"_relevanssi_hide_post":"","_relevanssi_hide_content":"","_relevanssi_pin_for_all":"","_relevanssi_pin_keywords":"","_relevanssi_unpin_keywords":"","_relevanssi_related_keywords":"","_relevanssi_related_include_ids":"","_relevanssi_related_exclude_ids":"","_relevanssi_related_no_append":"","_relevanssi_related_not_related":"","_relevanssi_related_posts":"","_relevanssi_noindex_reason":""},"class_list":["post-6612","press_release","type-press_release","status-publish","hentry"],"acf":{"subheading":"","date_and_time":"2025-05-30 11:30:00","featured_image":null,"components":[{"acf_fc_layout":"text","text":{"text":"<b>DETROIT<\/b>, Michigan \u2013 Para mostrar su apoyo incondicional a nuestros amigos, familiares, vecinos y comunidad transg\u00e9nero, la ACLU de Michigan inaugura el Mes del Orgullo con un mensaje que recorre sus oficinas del primer piso en el centro de Detroit, en la avenida Woodward: \u00abLas personas trans no ser\u00e1n borradas\u00bb.\n\nEn un momento en que las personas transg\u00e9nero, especialmente los j\u00f3venes trans, est\u00e1n siendo atacadas, la ACLU invita a todos los trascendentes a enviar un mensaje de apoyo tom\u00e1ndose una selfi frente a la ventana y envi\u00e1ndola a la ACLU mediante el c\u00f3digo QR o a\u00f1adiendo #ACLUMiPRIDE.\n\n<b>Jay Kaplan, abogado del Proyecto de Derechos LGBTQ+ de la ACLU de Michigan, Nancy Katz y Margo Dichtelmiller, emitieron la siguiente declaraci\u00f3n:<\/b>\n\n\u201cDados los ataques generalizados contra las personas transg\u00e9nero, especialmente contra los j\u00f3venes transg\u00e9nero, es de vital importancia mostrar nuestro apoyo a esta comunidad durante el Mes del Orgullo y en adelante. Las peligrosas leyes de pol\u00edticos estatales y nacionales que intentan impedir que los j\u00f3venes transg\u00e9nero participen en deportes y reciban atenci\u00f3n m\u00e9dica vital que reafirme su g\u00e9nero son odiosas e intolerantes. La pancarta del Orgullo es una forma de decirle a la comunidad transg\u00e9nero: los vemos, los apoyamos y nunca dejaremos de luchar para proteger su derecho a vivir sin discriminaci\u00f3n\u201d. \n\n<b>Loren Khogali, directora ejecutiva de la ACLU de Michigan, emiti\u00f3 esta declaraci\u00f3n:<\/b>\n\n\u201cEl Mes del Orgullo no solo es un momento para celebrar todos los logros de la comunidad LGBTQ+, sino tambi\u00e9n para protestar. Si bien nuestra pancarta rosa en la ventana es un respaldo a este per\u00edodo de celebraci\u00f3n, tambi\u00e9n es un rotundo rechazo a los brutales ataques de l\u00edderes electos que buscan ganar puntos pol\u00edticos a costa de las personas transg\u00e9nero y los ni\u00f1os. Las personas transg\u00e9nero pertenecen. Las personas transg\u00e9nero siempre han pertenecido, y no permitiremos que las borren\u201d.\n\n<a class=\"cta-style-arrow-button\" href=\"https:\/\/www.dropbox.com\/scl\/fo\/q7entvi51ux47ib30yp4w\/AKDqpex87NxONydtKpef6H0?rlkey=xrn95r1r3jaiuu5heohnrfkni&amp;st=zlo7kne1&amp;dl=0\">VEA FOTOS Y VIDEO DE LA PANCARTA DE LA VENTANA AQUI.<\/a>"}}],"use_default_media_contact":false,"name":"<p>Ann Mullen, 3131-400-8562, amullen@aclumich.org<\/p>","email":"","phone":"","address":{"address_1":"","address_2":"","city":"","state":"","zip_code":"","country":"United States"},"pgp_public_key":"","spokesperson":null,"related_content":[],"issues":null,"toggle-pdf":true,"documents":null},"yoast_head":"<!-- This site is optimized with the Yoast SEO plugin v24.9 - https:\/\/yoast.com\/wordpress\/plugins\/seo\/ -->\n<title>Nueva ventana del Orgullo de la ACLU: &#039;Las personas trans no ser\u00e1n borradas&#039; - ACLU of Michigan<\/title>\n<meta name=\"robots\" content=\"index, follow, max-snippet:-1, max-image-preview:large, max-video-preview:-1\" \/>\n<link rel=\"canonical\" href=\"https:\/\/www.aclumich.org\/es\/press-releases\/nueva-ventana-del-orgullo-de-la-aclu-las-personas-trans-no-seran-borradas\/\" \/>\n<meta property=\"og:locale\" content=\"es_ES\" \/>\n<meta property=\"og:type\" content=\"article\" \/>\n<meta property=\"og:title\" content=\"Nueva ventana del Orgullo de la ACLU: &#039;Las personas trans no ser\u00e1n borradas&#039; - ACLU of Michigan\" \/>\n<meta property=\"og:description\" content=\"DETROIT, Michigan \u2013 Para mostrar su apoyo incondicional a nuestros amigos, familiares, vecinos y comunidad transg\u00e9nero, la ACLU de Michigan inaugura el Mes del Orgullo con un mensaje que recorre sus oficinas del primer piso en el centro de Detroit, en la avenida Woodward: \u00abLas personas trans no ser\u00e1n borradas\u00bb. En un momento en que [&hellip;]\" \/>\n<meta property=\"og:url\" content=\"https:\/\/www.aclumich.org\/es\/press-releases\/nueva-ventana-del-orgullo-de-la-aclu-las-personas-trans-no-seran-borradas\/\" \/>\n<meta property=\"og:site_name\" content=\"ACLU of Michigan\" \/>\n<meta property=\"og:image\" content=\"https:\/\/www.aclumich.org\/app\/themes\/aclu-parent\/img\/default_fb_share.jpg\" \/>\n<meta name=\"twitter:card\" content=\"summary_large_image\" \/>\n<script type=\"application\/ld+json\" class=\"yoast-schema-graph\">{\"@context\":\"https:\/\/schema.org\",\"@graph\":[{\"@type\":\"WebPage\",\"@id\":\"https:\/\/www.aclumich.org\/es\/press-releases\/nueva-ventana-del-orgullo-de-la-aclu-las-personas-trans-no-seran-borradas\/\",\"url\":\"https:\/\/www.aclumich.org\/es\/press-releases\/nueva-ventana-del-orgullo-de-la-aclu-las-personas-trans-no-seran-borradas\/\",\"name\":\"Nueva ventana del Orgullo de la ACLU: 'Las personas trans no ser\u00e1n borradas' - ACLU of Michigan\",\"isPartOf\":{\"@id\":\"https:\/\/www.aclumich.org\/#website\"},\"datePublished\":\"2025-05-30T15:31:11+00:00\",\"breadcrumb\":{\"@id\":\"https:\/\/www.aclumich.org\/es\/press-releases\/nueva-ventana-del-orgullo-de-la-aclu-las-personas-trans-no-seran-borradas\/#breadcrumb\"},\"inLanguage\":\"es-ES\",\"potentialAction\":[{\"@type\":\"ReadAction\",\"target\":[\"https:\/\/www.aclumich.org\/es\/press-releases\/nueva-ventana-del-orgullo-de-la-aclu-las-personas-trans-no-seran-borradas\/\"]}]},{\"@type\":\"BreadcrumbList\",\"@id\":\"https:\/\/www.aclumich.org\/es\/press-releases\/nueva-ventana-del-orgullo-de-la-aclu-las-personas-trans-no-seran-borradas\/#breadcrumb\",\"itemListElement\":[{\"@type\":\"ListItem\",\"position\":1,\"name\":\"Press Releases\",\"item\":\"https:\/\/www.aclumich.org\/press-releases\/\"},{\"@type\":\"ListItem\",\"position\":2,\"name\":\"Nueva ventana del Orgullo de la ACLU: 'Las personas trans no ser\u00e1n borradas'\"}]},{\"@type\":\"WebSite\",\"@id\":\"https:\/\/www.aclumich.org\/#website\",\"url\":\"https:\/\/www.aclumich.org\/\",\"name\":\"ACLU of Michigan\",\"description\":\"\",\"publisher\":{\"@id\":\"https:\/\/www.aclumich.org\/#organization\"},\"potentialAction\":[{\"@type\":\"SearchAction\",\"target\":{\"@type\":\"EntryPoint\",\"urlTemplate\":\"https:\/\/www.aclumich.org\/?s={search_term_string}\"},\"query-input\":{\"@type\":\"PropertyValueSpecification\",\"valueRequired\":true,\"valueName\":\"search_term_string\"}}],\"inLanguage\":\"es-ES\"},{\"@type\":\"Organization\",\"@id\":\"https:\/\/www.aclumich.org\/#organization\",\"name\":\"ACLU of Michigan\",\"url\":\"https:\/\/www.aclumich.org\/\",\"logo\":{\"@type\":\"ImageObject\",\"inLanguage\":\"es-ES\",\"@id\":\"https:\/\/www.aclumich.org\/#\/schema\/logo\/image\/\",\"url\":\"https:\/\/www.aclumich.org\/app\/uploads\/2025\/12\/ACLU-Michigan_Color-Logo_RGB.png\",\"contentUrl\":\"https:\/\/www.aclumich.org\/app\/uploads\/2025\/12\/ACLU-Michigan_Color-Logo_RGB.png\",\"width\":1055,\"height\":620,\"caption\":\"ACLU of Michigan\"},\"image\":{\"@id\":\"https:\/\/www.aclumich.org\/#\/schema\/logo\/image\/\"}}]}<\/script>\n<!-- \/ Yoast SEO plugin. -->","yoast_head_json":{"title":"Nueva ventana del Orgullo de la ACLU: 'Las personas trans no ser\u00e1n borradas' - ACLU of Michigan","robots":{"index":"index","follow":"follow","max-snippet":"max-snippet:-1","max-image-preview":"max-image-preview:large","max-video-preview":"max-video-preview:-1"},"canonical":"https:\/\/www.aclumich.org\/es\/press-releases\/nueva-ventana-del-orgullo-de-la-aclu-las-personas-trans-no-seran-borradas\/","og_locale":"es_ES","og_type":"article","og_title":"Nueva ventana del Orgullo de la ACLU: 'Las personas trans no ser\u00e1n borradas' - ACLU of Michigan","og_description":"DETROIT, Michigan \u2013 Para mostrar su apoyo incondicional a nuestros amigos, familiares, vecinos y comunidad transg\u00e9nero, la ACLU de Michigan inaugura el Mes del Orgullo con un mensaje que recorre sus oficinas del primer piso en el centro de Detroit, en la avenida Woodward: \u00abLas personas trans no ser\u00e1n borradas\u00bb. En un momento en que [&hellip;]","og_url":"https:\/\/www.aclumich.org\/es\/press-releases\/nueva-ventana-del-orgullo-de-la-aclu-las-personas-trans-no-seran-borradas\/","og_site_name":"ACLU of Michigan","og_image":[{"url":"https:\/\/www.aclumich.org\/app\/themes\/aclu-parent\/img\/default_fb_share.jpg","type":"","width":"","height":""}],"twitter_card":"summary_large_image","schema":{"@context":"https:\/\/schema.org","@graph":[{"@type":"WebPage","@id":"https:\/\/www.aclumich.org\/es\/press-releases\/nueva-ventana-del-orgullo-de-la-aclu-las-personas-trans-no-seran-borradas\/","url":"https:\/\/www.aclumich.org\/es\/press-releases\/nueva-ventana-del-orgullo-de-la-aclu-las-personas-trans-no-seran-borradas\/","name":"Nueva ventana del Orgullo de la ACLU: 'Las personas trans no ser\u00e1n borradas' - ACLU of Michigan","isPartOf":{"@id":"https:\/\/www.aclumich.org\/#website"},"datePublished":"2025-05-30T15:31:11+00:00","breadcrumb":{"@id":"https:\/\/www.aclumich.org\/es\/press-releases\/nueva-ventana-del-orgullo-de-la-aclu-las-personas-trans-no-seran-borradas\/#breadcrumb"},"inLanguage":"es-ES","potentialAction":[{"@type":"ReadAction","target":["https:\/\/www.aclumich.org\/es\/press-releases\/nueva-ventana-del-orgullo-de-la-aclu-las-personas-trans-no-seran-borradas\/"]}]},{"@type":"BreadcrumbList","@id":"https:\/\/www.aclumich.org\/es\/press-releases\/nueva-ventana-del-orgullo-de-la-aclu-las-personas-trans-no-seran-borradas\/#breadcrumb","itemListElement":[{"@type":"ListItem","position":1,"name":"Press Releases","item":"https:\/\/www.aclumich.org\/press-releases\/"},{"@type":"ListItem","position":2,"name":"Nueva ventana del Orgullo de la ACLU: 'Las personas trans no ser\u00e1n borradas'"}]},{"@type":"WebSite","@id":"https:\/\/www.aclumich.org\/#website","url":"https:\/\/www.aclumich.org\/","name":"ACLU of Michigan","description":"","publisher":{"@id":"https:\/\/www.aclumich.org\/#organization"},"potentialAction":[{"@type":"SearchAction","target":{"@type":"EntryPoint","urlTemplate":"https:\/\/www.aclumich.org\/?s={search_term_string}"},"query-input":{"@type":"PropertyValueSpecification","valueRequired":true,"valueName":"search_term_string"}}],"inLanguage":"es-ES"},{"@type":"Organization","@id":"https:\/\/www.aclumich.org\/#organization","name":"ACLU of Michigan","url":"https:\/\/www.aclumich.org\/","logo":{"@type":"ImageObject","inLanguage":"es-ES","@id":"https:\/\/www.aclumich.org\/#\/schema\/logo\/image\/","url":"https:\/\/www.aclumich.org\/app\/uploads\/2025\/12\/ACLU-Michigan_Color-Logo_RGB.png","contentUrl":"https:\/\/www.aclumich.org\/app\/uploads\/2025\/12\/ACLU-Michigan_Color-Logo_RGB.png","width":1055,"height":620,"caption":"ACLU of Michigan"},"image":{"@id":"https:\/\/www.aclumich.org\/#\/schema\/logo\/image\/"}}]}},"distributor_meta":false,"distributor_terms":false,"distributor_media":false,"distributor_original_site_name":"ACLU of Michigan","distributor_original_site_url":"https:\/\/www.aclumich.org\/es\/","push-errors":false,"_links":{"self":[{"href":"https:\/\/www.aclumich.org\/es\/wp-json\/wp\/v2\/press_release\/6612","targetHints":{"allow":["GET"]}}],"collection":[{"href":"https:\/\/www.aclumich.org\/es\/wp-json\/wp\/v2\/press_release"}],"about":[{"href":"https:\/\/www.aclumich.org\/es\/wp-json\/wp\/v2\/types\/press_release"}],"author":[{"embeddable":true,"href":"https:\/\/www.aclumich.org\/es\/wp-json\/wp\/v2\/users\/4"}],"version-history":[{"count":0,"href":"https:\/\/www.aclumich.org\/es\/wp-json\/wp\/v2\/press_release\/6612\/revisions"}],"wp:attachment":[{"href":"https:\/\/www.aclumich.org\/es\/wp-json\/wp\/v2\/media?parent=6612"}],"curies":[{"name":"wp","href":"https:\/\/api.w.org\/{rel}","templated":true}]}}