{"id":6630,"date":"2025-06-25T12:53:18","date_gmt":"2025-06-25T16:53:18","guid":{"rendered":"https:\/\/www.aclumich.org\/news\/press_release\/grupos-de-derechos-civiles-demandan-distrito-escolar-por-violar-el-derecho-la\/"},"modified":"2025-06-25T12:53:18","modified_gmt":"2025-06-25T16:53:18","slug":"grupos-de-derechos-civiles-demandan-distrito-escolar-por-violar-el-derecho-la","status":"publish","type":"press_release","link":"https:\/\/www.aclumich.org\/es\/press-releases\/grupos-de-derechos-civiles-demandan-distrito-escolar-por-violar-el-derecho-la\/","title":{"rendered":"Grupos de derechos civiles demandan a distrito escolar por violar el derecho a la libertad de expresi\u00f3n de un estudiante palestino-estadounidense que se neg\u00f3 a ponerse de pie para el juramento de lealtad."},"author":8,"featured_media":0,"menu_order":0,"template":"","meta":{"_acf_changed":false,"_relevanssi_hide_post":"","_relevanssi_hide_content":"","_relevanssi_pin_for_all":"","_relevanssi_pin_keywords":"","_relevanssi_unpin_keywords":"","_relevanssi_related_keywords":"","_relevanssi_related_include_ids":"","_relevanssi_related_exclude_ids":"","_relevanssi_related_no_append":"","_relevanssi_related_not_related":"","_relevanssi_related_posts":"","_relevanssi_noindex_reason":""},"class_list":["post-6630","press_release","type-press_release","status-publish","hentry"],"acf":{"subheading":"DETROIT \u2013 La ACLU de Michigan y la Liga \u00c1rabe Americana por los Derechos Civiles presentaron hoy una demanda federal contra el Distrito Escolar Comunitario de Plymouth-Canton y uno de sus empleados por violar los derechos de una estudiante de secundaria de 14 a\u00f1os.\n","date_and_time":"2025-06-25 12:45:00","featured_image":2541,"components":[{"acf_fc_layout":"text","text":{"text":"<b>DETROIT<\/b> \u2013 La ACLU de Michigan y la Liga \u00c1rabe Americana por los Derechos Civiles presentaron hoy una demanda federal contra el Distrito Escolar Comunitario de Plymouth-Canton y uno de sus empleados por violar los derechos de la Primera Enmienda de D.K., una estudiante de secundaria de 14 a\u00f1os cuya maestra la humill\u00f3 repetida y p\u00fablicamente por negarse a ponerse de pie y recitar el Juramento a la Bandera.\n\nD.K., de ascendencia palestina, est\u00e1 profundamente consternada por los miles de asesinatos que ocurren en Gaza. D.K. cree que estas muertes fueron financiadas, ya sea impl\u00edcita o expresamente, por el gobierno estadounidense. Debido a sus creencias pol\u00edticas, D.K. se neg\u00f3 discretamente a ponerse de pie y recitar el Juramento a la Bandera con sus compa\u00f1eros en tres ocasiones distintas durante enero. En respuesta, su maestra interrumpi\u00f3 la clase y la reprendi\u00f3, dici\u00e9ndole que permanecer sentada era una falta de respeto a las fuerzas militares estadounidenses y a la bandera, y que deb\u00eda ponerse de pie. Cuando, en una ocasi\u00f3n, D.K. se acerc\u00f3 a su profesora despu\u00e9s de clase en privado para explicarle por qu\u00e9 no quer\u00eda ponerse de pie y recitar el Juramento a la Bandera, la profesora le respondi\u00f3: \u00abYa que vives en este pa\u00eds y disfrutas de su libertad, si no te gusta, deber\u00edas regresar a tu pa\u00eds\u00bb.\n\nComo resultado de las acciones de su profesora, D.K. ha sufrido graves da\u00f1os emocionales y sociales. Estos incluyen, entre otros, incapacidad para dormir, pesadillas recurrentes, un comportamiento m\u00e1s reservado y altos niveles de estr\u00e9s. Su debilitado estado emocional ha comprometido su salud f\u00edsica. D.K. tambi\u00e9n ha sufrido aislamiento social durante un per\u00edodo en el que el contacto con sus compa\u00f1eros es muy valorado y necesario para su bienestar. El impacto de estos incidentes ha afectado negativamente el rendimiento acad\u00e9mico de D.K., una estudiante con un expediente casi perfecto.\n\nPor intentar obligar a D.K. a ponerse de pie y recitar el Juramento a la Bandera, el distrito escolar viol\u00f3 el derecho de D.K. a la libertad de expresi\u00f3n, y en particular, su derecho a expresar sus opiniones pol\u00edticas. El derecho a sentarse o guardar silencio durante el Juramento a la Bandera es un derecho fundamental protegido por la Primera Enmienda de la Constituci\u00f3n de los Estados Unidos. Estas acciones han creado un ambiente de intimidaci\u00f3n que ha hecho que D.K. y los miembros de su grupo teman ejercer sus derechos amparados por la Primera Enmienda.\n\nLa demanda busca un fallo jur\u00eddico que declare inconstitucionales las acciones de los demandados y una indemnizaci\u00f3n por da\u00f1os y perjuicios.\n\n<b>Bonsitu Kitaba, <\/b>director legal interino de la ACLU de Michigan, declar\u00f3 lo siguiente sobre el caso:\n\n\u201cEl derecho a la libertad de expresi\u00f3n, o a no expresarse, es una forma de protesta fundamental para el buen funcionamiento de una democracia, incluso cuando su ejercicio genere controversia o incomode a otros. Ante el aumento de los ataques a nuestros derechos y libertades civiles en todo el pa\u00eds, la ACLU se mantendr\u00e1 atenta en su lucha por proteger los derechos de todas las personas que desean protestar hoy y de aquellas cuyos derechos necesitar\u00e1n protecci\u00f3n ma\u00f1ana\u201d. \n\n<b>Mark Fancher, <\/b>abogado del Proyecto de Justicia Racial de la ACLU de Michigan, coment\u00f3 lo siguiente sobre el caso:\n\n\u201cAl considerar la naturaleza controvertida del tema que nuestra joven clienta decidi\u00f3 abordar, junto con el clima pol\u00edtico t\u00f3xico y la hostilidad que son caracter\u00edsticas de este per\u00edodo, no podemos sino maravillarnos ante la convicci\u00f3n y la incre\u00edble valent\u00eda que necesit\u00f3 para seguir su conciencia y su coraz\u00f3n. Es tr\u00e1gico que, si bien siempre esperamos que nuestras escuelas animen a los j\u00f3venes a ser pensadores independientes y cr\u00edticos, la maestra de D.K. y el distrito escolar le fallaron no solo al violar sus derechos bajo la Primera Enmienda, sino tambi\u00e9n al humillarla por atreverse a ejercerlos\u201d. \n\nLa abogada <b>Nabih Ayad<\/b>, de la Liga \u00c1rabe Americana por los Derechos Civiles, declar\u00f3 lo siguiente sobre el caso:\n\n\u201cEs inquietante que una maestra en quien se conf\u00eda la ense\u00f1anza de nuestros hijos se rinda a tal insensibilidades hacia una de sus alumnas, sabiendo que esta es de ascendencia \u00e1rabe palestina y conociendo las numerosas muertes en Gaza de familiares de palestinos residentes en el \u00e1rea metropolitana de Detroit, que, para colmo, criticara a la estudiante simplemente por ejercer su derecho constitucional a no participar en el Juramento a la Bandera como se\u00f1al de protesta. Esa maestra, sin duda, deber\u00eda haber sabido que todos los estudiantes de este pa\u00eds tienen derecho a no presentarse al Juramento a la Bandera, independientemente de sus opiniones personales\u201d.\n\nLea la demanda <a href=\"https:\/\/urldefense.proofpoint.com\/v2\/url?u=https-3A__u7061146.ct.sendgrid.net_ls_click-3Fupn-3Du001.gqh-2D2BaxUzlo7XKIuSly0rC56leAPUVoFaV38Q8Y5A-2D2FIbpa6Eva-2D2BHzjgkasuz91C1NRpr44Tdlyg6wUYhYpowhVn64xpdRbgZQWfPm0gTmvL-2D2BAI9U7hKkMY0AS8ZWBioYNSHxZ-5FyI7P0u2evEd6YOHWpc2Ebr2vXlrqEeyg2CPguoHVAm-2D2F0BaQ5wHlYRW1DBynLvQUPff7WMyWboaLyLpqVDJ-2D2FIZQOeNfjh-2D2BTVX6lm4S2gKYDYB-2D2BtuEN4-2D2F8jKrZXSQFJtNvvnZMQw8y6n-2D2BlHeM7NyEcUP4WlQpylD-2D2F4ErvPVm2KtpO9oqOTS4iaBACcWBhtAbf-2D2F8-2D2FUqB0QvZcABloSEU8Adpd-2D2FZ-2D2BbExhYEkQrkYltHM-2D2FE7QhzHWqlCoEVXKvJk8jheF7GNlR1Yr6vPTUZeF02H380gpOUYaFFSzGfAXOYMzJSyWzFg-2D2FTSy-2D2FttQkfv6deoR3whtUjW6AVvpwzZEZmpMr3A-2D3D-2D3D&amp;d=DwMFaQ&amp;c=euGZstcaTDllvimEN8b7jXrwqOf-v5A_CdpgnVfiiMM&amp;r=7ohY4H4NbFxsGdKj7laVC_uZEzAfiGRQQf2X8To9FCw&amp;m=wxUMVF5F2eaDHf0tjD7Rs5uJ0tLGdwRV1DZ0NJBifoUnSbOm0ePklbu6KfUy47vX&amp;s=ofpQQ9hckitaB0pJzTxsUbAbHIbrrVoyzIjK3lrTI4I&amp;e=\">aqu\u00ed<\/a>.\n\n \n\n#  #  #\n\n "}}],"use_default_media_contact":true,"name":"","email":"","phone":"","address":{"address_1":"","address_2":"","city":"","state":"","zip_code":"","country":"United States"},"pgp_public_key":"","spokesperson":null,"related_content":[],"issues":null,"toggle-pdf":true,"documents":[{"name":"001_complaint_4.pdf","file":6629}]},"yoast_head":"<!-- This site is optimized with the Yoast SEO plugin v24.9 - https:\/\/yoast.com\/wordpress\/plugins\/seo\/ -->\n<title>Grupos de derechos civiles demandan a distrito escolar por violar el derecho a la libertad de expresi\u00f3n de un estudiante palestino-estadounidense que se neg\u00f3 a ponerse de pie para el juramento de lealtad. - ACLU of Michigan<\/title>\n<meta name=\"robots\" content=\"index, follow, max-snippet:-1, max-image-preview:large, max-video-preview:-1\" \/>\n<link rel=\"canonical\" href=\"https:\/\/www.aclumich.org\/es\/press-releases\/grupos-de-derechos-civiles-demandan-distrito-escolar-por-violar-el-derecho-la\/\" \/>\n<meta property=\"og:locale\" content=\"es_ES\" \/>\n<meta property=\"og:type\" content=\"article\" \/>\n<meta property=\"og:title\" content=\"Grupos de derechos civiles demandan a distrito escolar por violar el derecho a la libertad de expresi\u00f3n de un estudiante palestino-estadounidense que se neg\u00f3 a ponerse de pie para el juramento de lealtad. - ACLU of Michigan\" \/>\n<meta property=\"og:description\" content=\"DETROIT \u2013 La ACLU de Michigan y la Liga \u00c1rabe Americana por los Derechos Civiles presentaron hoy una demanda federal contra el Distrito Escolar Comunitario de Plymouth-Canton y uno de sus empleados por violar los derechos de una estudiante de secundaria de 14 a\u00f1os.\" \/>\n<meta property=\"og:url\" content=\"https:\/\/www.aclumich.org\/es\/press-releases\/grupos-de-derechos-civiles-demandan-distrito-escolar-por-violar-el-derecho-la\/\" \/>\n<meta property=\"og:site_name\" content=\"ACLU of Michigan\" \/>\n<meta property=\"og:image\" content=\"https:\/\/www.aclumich.org\/app\/themes\/aclu-parent\/img\/default_fb_share.jpg\" \/>\n<meta name=\"twitter:card\" content=\"summary_large_image\" \/>\n<script type=\"application\/ld+json\" class=\"yoast-schema-graph\">{\"@context\":\"https:\/\/schema.org\",\"@graph\":[{\"@type\":\"WebPage\",\"@id\":\"https:\/\/www.aclumich.org\/es\/press-releases\/grupos-de-derechos-civiles-demandan-distrito-escolar-por-violar-el-derecho-la\/\",\"url\":\"https:\/\/www.aclumich.org\/es\/press-releases\/grupos-de-derechos-civiles-demandan-distrito-escolar-por-violar-el-derecho-la\/\",\"name\":\"Grupos de derechos civiles demandan a distrito escolar por violar el derecho a la libertad de expresi\u00f3n de un estudiante palestino-estadounidense que se neg\u00f3 a ponerse de pie para el juramento de lealtad. - ACLU of Michigan\",\"isPartOf\":{\"@id\":\"https:\/\/www.aclumich.org\/#website\"},\"datePublished\":\"2025-06-25T16:53:18+00:00\",\"breadcrumb\":{\"@id\":\"https:\/\/www.aclumich.org\/es\/press-releases\/grupos-de-derechos-civiles-demandan-distrito-escolar-por-violar-el-derecho-la\/#breadcrumb\"},\"inLanguage\":\"es-ES\",\"potentialAction\":[{\"@type\":\"ReadAction\",\"target\":[\"https:\/\/www.aclumich.org\/es\/press-releases\/grupos-de-derechos-civiles-demandan-distrito-escolar-por-violar-el-derecho-la\/\"]}]},{\"@type\":\"BreadcrumbList\",\"@id\":\"https:\/\/www.aclumich.org\/es\/press-releases\/grupos-de-derechos-civiles-demandan-distrito-escolar-por-violar-el-derecho-la\/#breadcrumb\",\"itemListElement\":[{\"@type\":\"ListItem\",\"position\":1,\"name\":\"Press Releases\",\"item\":\"https:\/\/www.aclumich.org\/press-releases\/\"},{\"@type\":\"ListItem\",\"position\":2,\"name\":\"Grupos de derechos civiles demandan a distrito escolar por violar el derecho a la libertad de expresi\u00f3n de un estudiante palestino-estadounidense que se neg\u00f3 a ponerse de pie para el juramento de lealtad.\"}]},{\"@type\":\"WebSite\",\"@id\":\"https:\/\/www.aclumich.org\/#website\",\"url\":\"https:\/\/www.aclumich.org\/\",\"name\":\"ACLU of Michigan\",\"description\":\"\",\"publisher\":{\"@id\":\"https:\/\/www.aclumich.org\/#organization\"},\"potentialAction\":[{\"@type\":\"SearchAction\",\"target\":{\"@type\":\"EntryPoint\",\"urlTemplate\":\"https:\/\/www.aclumich.org\/?s={search_term_string}\"},\"query-input\":{\"@type\":\"PropertyValueSpecification\",\"valueRequired\":true,\"valueName\":\"search_term_string\"}}],\"inLanguage\":\"es-ES\"},{\"@type\":\"Organization\",\"@id\":\"https:\/\/www.aclumich.org\/#organization\",\"name\":\"ACLU of Michigan\",\"url\":\"https:\/\/www.aclumich.org\/\",\"logo\":{\"@type\":\"ImageObject\",\"inLanguage\":\"es-ES\",\"@id\":\"https:\/\/www.aclumich.org\/#\/schema\/logo\/image\/\",\"url\":\"https:\/\/www.aclumich.org\/app\/uploads\/2025\/12\/ACLU-Michigan_Color-Logo_RGB.png\",\"contentUrl\":\"https:\/\/www.aclumich.org\/app\/uploads\/2025\/12\/ACLU-Michigan_Color-Logo_RGB.png\",\"width\":1055,\"height\":620,\"caption\":\"ACLU of Michigan\"},\"image\":{\"@id\":\"https:\/\/www.aclumich.org\/#\/schema\/logo\/image\/\"}}]}<\/script>\n<!-- \/ Yoast SEO plugin. -->","yoast_head_json":{"title":"Grupos de derechos civiles demandan a distrito escolar por violar el derecho a la libertad de expresi\u00f3n de un estudiante palestino-estadounidense que se neg\u00f3 a ponerse de pie para el juramento de lealtad. - ACLU of Michigan","robots":{"index":"index","follow":"follow","max-snippet":"max-snippet:-1","max-image-preview":"max-image-preview:large","max-video-preview":"max-video-preview:-1"},"canonical":"https:\/\/www.aclumich.org\/es\/press-releases\/grupos-de-derechos-civiles-demandan-distrito-escolar-por-violar-el-derecho-la\/","og_locale":"es_ES","og_type":"article","og_title":"Grupos de derechos civiles demandan a distrito escolar por violar el derecho a la libertad de expresi\u00f3n de un estudiante palestino-estadounidense que se neg\u00f3 a ponerse de pie para el juramento de lealtad. - ACLU of Michigan","og_description":"DETROIT \u2013 La ACLU de Michigan y la Liga \u00c1rabe Americana por los Derechos Civiles presentaron hoy una demanda federal contra el Distrito Escolar Comunitario de Plymouth-Canton y uno de sus empleados por violar los derechos de una estudiante de secundaria de 14 a\u00f1os.","og_url":"https:\/\/www.aclumich.org\/es\/press-releases\/grupos-de-derechos-civiles-demandan-distrito-escolar-por-violar-el-derecho-la\/","og_site_name":"ACLU of Michigan","og_image":[{"url":"https:\/\/www.aclumich.org\/app\/themes\/aclu-parent\/img\/default_fb_share.jpg","type":"","width":"","height":""}],"twitter_card":"summary_large_image","schema":{"@context":"https:\/\/schema.org","@graph":[{"@type":"WebPage","@id":"https:\/\/www.aclumich.org\/es\/press-releases\/grupos-de-derechos-civiles-demandan-distrito-escolar-por-violar-el-derecho-la\/","url":"https:\/\/www.aclumich.org\/es\/press-releases\/grupos-de-derechos-civiles-demandan-distrito-escolar-por-violar-el-derecho-la\/","name":"Grupos de derechos civiles demandan a distrito escolar por violar el derecho a la libertad de expresi\u00f3n de un estudiante palestino-estadounidense que se neg\u00f3 a ponerse de pie para el juramento de lealtad. - ACLU of Michigan","isPartOf":{"@id":"https:\/\/www.aclumich.org\/#website"},"datePublished":"2025-06-25T16:53:18+00:00","breadcrumb":{"@id":"https:\/\/www.aclumich.org\/es\/press-releases\/grupos-de-derechos-civiles-demandan-distrito-escolar-por-violar-el-derecho-la\/#breadcrumb"},"inLanguage":"es-ES","potentialAction":[{"@type":"ReadAction","target":["https:\/\/www.aclumich.org\/es\/press-releases\/grupos-de-derechos-civiles-demandan-distrito-escolar-por-violar-el-derecho-la\/"]}]},{"@type":"BreadcrumbList","@id":"https:\/\/www.aclumich.org\/es\/press-releases\/grupos-de-derechos-civiles-demandan-distrito-escolar-por-violar-el-derecho-la\/#breadcrumb","itemListElement":[{"@type":"ListItem","position":1,"name":"Press Releases","item":"https:\/\/www.aclumich.org\/press-releases\/"},{"@type":"ListItem","position":2,"name":"Grupos de derechos civiles demandan a distrito escolar por violar el derecho a la libertad de expresi\u00f3n de un estudiante palestino-estadounidense que se neg\u00f3 a ponerse de pie para el juramento de lealtad."}]},{"@type":"WebSite","@id":"https:\/\/www.aclumich.org\/#website","url":"https:\/\/www.aclumich.org\/","name":"ACLU of Michigan","description":"","publisher":{"@id":"https:\/\/www.aclumich.org\/#organization"},"potentialAction":[{"@type":"SearchAction","target":{"@type":"EntryPoint","urlTemplate":"https:\/\/www.aclumich.org\/?s={search_term_string}"},"query-input":{"@type":"PropertyValueSpecification","valueRequired":true,"valueName":"search_term_string"}}],"inLanguage":"es-ES"},{"@type":"Organization","@id":"https:\/\/www.aclumich.org\/#organization","name":"ACLU of Michigan","url":"https:\/\/www.aclumich.org\/","logo":{"@type":"ImageObject","inLanguage":"es-ES","@id":"https:\/\/www.aclumich.org\/#\/schema\/logo\/image\/","url":"https:\/\/www.aclumich.org\/app\/uploads\/2025\/12\/ACLU-Michigan_Color-Logo_RGB.png","contentUrl":"https:\/\/www.aclumich.org\/app\/uploads\/2025\/12\/ACLU-Michigan_Color-Logo_RGB.png","width":1055,"height":620,"caption":"ACLU of Michigan"},"image":{"@id":"https:\/\/www.aclumich.org\/#\/schema\/logo\/image\/"}}]}},"distributor_meta":false,"distributor_terms":false,"distributor_media":false,"distributor_original_site_name":"ACLU of Michigan","distributor_original_site_url":"https:\/\/www.aclumich.org\/es\/","push-errors":false,"_links":{"self":[{"href":"https:\/\/www.aclumich.org\/es\/wp-json\/wp\/v2\/press_release\/6630","targetHints":{"allow":["GET"]}}],"collection":[{"href":"https:\/\/www.aclumich.org\/es\/wp-json\/wp\/v2\/press_release"}],"about":[{"href":"https:\/\/www.aclumich.org\/es\/wp-json\/wp\/v2\/types\/press_release"}],"author":[{"embeddable":true,"href":"https:\/\/www.aclumich.org\/es\/wp-json\/wp\/v2\/users\/8"}],"version-history":[{"count":0,"href":"https:\/\/www.aclumich.org\/es\/wp-json\/wp\/v2\/press_release\/6630\/revisions"}],"wp:attachment":[{"href":"https:\/\/www.aclumich.org\/es\/wp-json\/wp\/v2\/media?parent=6630"}],"curies":[{"name":"wp","href":"https:\/\/api.w.org\/{rel}","templated":true}]}}