{"id":6643,"date":"2025-08-13T11:19:07","date_gmt":"2025-08-13T15:19:07","guid":{"rendered":"https:\/\/www.aclumich.org\/news\/press_release\/la-aclu-de-michigan-demanda-la-ciudad-de-warren-y-varios-policias-por-maltratar-un\/"},"modified":"2025-08-13T11:19:07","modified_gmt":"2025-08-13T15:19:07","slug":"la-aclu-de-michigan-demanda-la-ciudad-de-warren-y-varios-policias-por-maltratar-un","status":"publish","type":"press_release","link":"https:\/\/www.aclumich.org\/es\/press-releases\/la-aclu-de-michigan-demanda-la-ciudad-de-warren-y-varios-policias-por-maltratar-un\/","title":{"rendered":"La ACLU de Michigan demanda a la ciudad de Warren y a varios polic\u00edas por maltratar a un hombre negro con problemas mentales y publica un video que documenta el abuso."},"author":8,"featured_media":0,"menu_order":0,"template":"","meta":{"_acf_changed":false,"_relevanssi_hide_post":"","_relevanssi_hide_content":"","_relevanssi_pin_for_all":"","_relevanssi_pin_keywords":"","_relevanssi_unpin_keywords":"","_relevanssi_related_keywords":"","_relevanssi_related_include_ids":"","_relevanssi_related_exclude_ids":"","_relevanssi_related_no_append":"","_relevanssi_related_not_related":"","_relevanssi_related_posts":"","_relevanssi_noindex_reason":""},"class_list":["post-6643","press_release","type-press_release","status-publish","hentry"],"acf":{"subheading":"DETROIT \u2013 La ACLU de Michigan present\u00f3 hoy una demanda federal en nombre de Christopher Gibson, un hombre negro que fue atacado con gas pimienta, con una pistola Taser y brutalizado por agentes de la Polic\u00eda de Warren en diciembre del 2022.\n","date_and_time":"2025-08-13 10:15:00","featured_image":2541,"components":[{"acf_fc_layout":"text","text":{"text":"<b>DETROIT<\/b> \u2013 La ACLU de Michigan present\u00f3 hoy una demanda federal en nombre de Christopher Gibson, un hombre negro que fue atacado con gas pimienta, con una pistola Taser y brutalizado por agentes de la Polic\u00eda de Warren en diciembre del 2022. La demanda afirma que los ataques resultaron en la hospitalizaci\u00f3n del Sr. Gibson por da\u00f1os en el coraz\u00f3n y los ri\u00f1ones. El Sr. Gibson y un familiar informaron repetidamente a los agentes que estaba experimentando una emergencia de salud mental y que requer\u00eda tratamiento psiqui\u00e1trico inmediato, pero los agentes, en cambio, lo sometieron a abusos.\n\nEncontrado vagando por las calles, perdido, confundido y sin abrigo en una noche de invierno, el Sr. Gibson fue puesto bajo custodia debido a \u00f3rdenes de arresto pendientes relacionadas con robo de identidad.\n\nLa demanda, presentada ante el Tribunal de Distrito de los Estados Unidos para el Distrito Este de Michigan, alega que los agentes de polic\u00eda de Warren violaron los derechos de la Decimocuarta Enmienda del Sr. Gibson al usar fuerza excesiva mientras se encontraba bajo su custodia. Tambi\u00e9n alega que los agentes violaron las leyes federales dise\u00f1adas para proteger a las personas con discapacidad al no brindarle al Sr. Gibson la atenci\u00f3n psiqui\u00e1trica necesaria.\n\nLa demanda, que identifica un patr\u00f3n de abuso por parte del Departamento de Polic\u00eda de Warren en los \u00faltimos a\u00f1os, solicita una indemnizaci\u00f3n por da\u00f1os y perjuicios, una declaraci\u00f3n de ilegalidad de las pol\u00edticas y acciones del departamento relacionadas con este caso y una orden que proh\u00edba conductas indebidas comparables en el futuro.\n\nAdem\u00e1s de presentar la demanda, la ACLU tambi\u00e9n public\u00f3 un video de 10 minutos que utiliza im\u00e1genes de la c\u00e1mara corporal de la polic\u00eda para revelar la magnitud del abuso que sufri\u00f3 el Sr. Gibson mientras estaba bajo custodia de la polic\u00eda de Warren.\n\n<b>Christopher Gibson<\/b> dijo lo siguiente:\n\n\u201cAunque sigo temiendo lo que la polic\u00eda pueda hacerme por denunciar lo sucedido y exigir responsabilidades, estoy dispuesto a hacerlo con la esperanza de que esto ayude a evitar que otras personas tengan que sufrir la tortura a la que yo fui sometido. Me siento afortunado de haber sobrevivido a todo lo que me hicieron\u201d.\n\n<b>Mark P. Fancher<\/b>, abogado del Proyecto de Justicia Racial de la ACLU de Michigan, declar\u00f3:\n\n\u201cSi los agentes consideraban que el comportamiento del Sr. Gibson era problem\u00e1tico, la soluci\u00f3n no era la violencia. Nadie deber\u00eda sufrir jam\u00e1s el trato abusivo que sufri\u00f3 el Sr. Gibson. Requiri\u00f3 compasi\u00f3n y tratamiento durante una crisis de salud mental, lo que habr\u00eda hecho innecesario el gas pimienta, las esposas, una pistola el\u00e9ctrica y la brutalidad. Este caso deja claro, una vez m\u00e1s, por qu\u00e9 Warren y otras agencias policiales necesitan profesionales de la salud mental para responder y prevenir incidentes horribles como este\u201d.\n\n<b>Syeda Davidson<\/b>, abogada de la ACLU de Michigan, declar\u00f3:\n\n\u201cLo ocurrido con el Sr. Gibson demuestra claramente lo mal preparados que pueden estar los agentes de polic\u00eda al interactuar con personas con problemas de salud mental. Los expertos en salud mental, no los agentes de polic\u00eda entrenados para dar rienda suelta a su mentalidad militarista, deben responder a situaciones como la que afrontaba el Sr. Gibson. Mientras eso no ocurra, tragedias como esta, lamentablemente, seguir\u00e1n ocurriendo\u201d.\n\nVea el video <a href=\"https:\/\/urldefense.proofpoint.com\/v2\/url?u=https-3A__u7061146.ct.sendgrid.net_ls_click-3Fupn-3Du001.gqh-2D2BaxUzlo7XKIuSly0rCyBLjYKb8uq0k9AIiyEZAFpP7NCrEojvytq2520OV2op6uQC-5FyI7P0u2evEd6YOHWpc2Ebr2vXlrqEeyg2CPguoHVAm-2D2F0BaQ5wHlYRW1DBynLvQUPff7WMyWboaLyLpqVDJ-2D2FIZQOeNfjh-2D2BTVX6lm4S2gKYDYB-2D2BtuEN4-2D2F8jKrZXSQFJtNv1JTWMIaY012RWx3eVr09vNur6VI1HmXK7fLffwn4aIqTjWfrLxvWhTRtTtVupiNqrT35mVWrphmdOD581DZ-2D2BmVgN1wLBJV0cG3CTn6JDyQI8Zk44W0pkPNww04W6eyLULd2nNHkAlPDhFfGcI8evkLS85kIwHDl3Pu5GWSDxtg8whKlIMDbBzGwXSfJV0FrLoaSmm-2D2B6mIsPnjpSIr36Iig-2D3D-2D3D&amp;d=DwMFaQ&amp;c=euGZstcaTDllvimEN8b7jXrwqOf-v5A_CdpgnVfiiMM&amp;r=7ohY4H4NbFxsGdKj7laVC_uZEzAfiGRQQf2X8To9FCw&amp;m=3JbCDJwCrC8cl2mwvVZwGGamxqODiblJhXD8-XXfu3s1-E9s2_gSvxB11Gtdue75&amp;s=7lrhyygIhr6_B2JzCuxCeAklccl2lwIl37ozEpTEiOg&amp;e=\">aqu\u00ed<\/a>.<br>Vea la demanda <a href=\"https:\/\/urldefense.proofpoint.com\/v2\/url?u=https-3A__u7061146.ct.sendgrid.net_ls_click-3Fupn-3Du001.gqh-2D2BaxUzlo7XKIuSly0rC56leAPUVoFaV38Q8Y5A-2D2FIbpa6Eva-2D2BHzjgkasuz91C1NRpr44Tdlyg6wUYhYpowhVl-2D2FQVxfF-2D2B9XhMLHuI6L4M5KooLzCfKYiOhk-2D2BVfx-2D2FzeHZVKb9-5FyI7P0u2evEd6YOHWpc2Ebr2vXlrqEeyg2CPguoHVAm-2D2F0BaQ5wHlYRW1DBynLvQUPff7WMyWboaLyLpqVDJ-2D2FIZQOeNfjh-2D2BTVX6lm4S2gKYDYB-2D2BtuEN4-2D2F8jKrZXSQFJtNv1JTWMIaY012RWx3eVr09vNur6VI1HmXK7fLffwn4aIqTjWfrLxvWhTRtTtVupiNqrT35mVWrphmdOD581DZ-2D2BmQM6hLCe5rT3rSsCKEoG7Vi8awNDVKsH1mGYAEwZ8-2D2F50yXVoEEw3aP1PGIenYB-2D2FikNXlYC7uuvGkkjqGZ1sbD0pAQggheeOoXOyiFKQTueiYIaF-2D2FhNh4Euko2lI2Kjtt3Q-2D3D-2D3D&amp;d=DwMFaQ&amp;c=euGZstcaTDllvimEN8b7jXrwqOf-v5A_CdpgnVfiiMM&amp;r=7ohY4H4NbFxsGdKj7laVC_uZEzAfiGRQQf2X8To9FCw&amp;m=3JbCDJwCrC8cl2mwvVZwGGamxqODiblJhXD8-XXfu3s1-E9s2_gSvxB11Gtdue75&amp;s=VnxJhaK_xe8d2cMDRk-lM88ohsxO3bzV1a6uCarGTrQ&amp;e=\">aqu\u00ed<\/a>.<br> "}}],"use_default_media_contact":true,"name":"","email":"","phone":"","address":{"address_1":"","address_2":"","city":"","state":"","zip_code":"","country":"United States"},"pgp_public_key":"","spokesperson":null,"related_content":[],"issues":null,"toggle-pdf":true,"documents":[{"name":"Complaint","file":6642}]},"yoast_head":"<!-- This site is optimized with the Yoast SEO plugin v24.9 - https:\/\/yoast.com\/wordpress\/plugins\/seo\/ -->\n<title>La ACLU de Michigan demanda a la ciudad de Warren y a varios polic\u00edas por maltratar a un hombre negro con problemas mentales y publica un video que documenta el abuso. - ACLU of Michigan<\/title>\n<meta name=\"robots\" content=\"index, follow, max-snippet:-1, max-image-preview:large, max-video-preview:-1\" \/>\n<link rel=\"canonical\" href=\"https:\/\/www.aclumich.org\/es\/press-releases\/la-aclu-de-michigan-demanda-la-ciudad-de-warren-y-varios-policias-por-maltratar-un\/\" \/>\n<meta property=\"og:locale\" content=\"es_ES\" \/>\n<meta property=\"og:type\" content=\"article\" \/>\n<meta property=\"og:title\" content=\"La ACLU de Michigan demanda a la ciudad de Warren y a varios polic\u00edas por maltratar a un hombre negro con problemas mentales y publica un video que documenta el abuso. - ACLU of Michigan\" \/>\n<meta property=\"og:description\" content=\"DETROIT \u2013 La ACLU de Michigan present\u00f3 hoy una demanda federal en nombre de Christopher Gibson, un hombre negro que fue atacado con gas pimienta, con una pistola Taser y brutalizado por agentes de la Polic\u00eda de Warren en diciembre del 2022.\" \/>\n<meta property=\"og:url\" content=\"https:\/\/www.aclumich.org\/es\/press-releases\/la-aclu-de-michigan-demanda-la-ciudad-de-warren-y-varios-policias-por-maltratar-un\/\" \/>\n<meta property=\"og:site_name\" content=\"ACLU of Michigan\" \/>\n<meta property=\"og:image\" content=\"https:\/\/www.aclumich.org\/app\/themes\/aclu-parent\/img\/default_fb_share.jpg\" \/>\n<meta name=\"twitter:card\" content=\"summary_large_image\" \/>\n<script type=\"application\/ld+json\" class=\"yoast-schema-graph\">{\"@context\":\"https:\/\/schema.org\",\"@graph\":[{\"@type\":\"WebPage\",\"@id\":\"https:\/\/www.aclumich.org\/es\/press-releases\/la-aclu-de-michigan-demanda-la-ciudad-de-warren-y-varios-policias-por-maltratar-un\/\",\"url\":\"https:\/\/www.aclumich.org\/es\/press-releases\/la-aclu-de-michigan-demanda-la-ciudad-de-warren-y-varios-policias-por-maltratar-un\/\",\"name\":\"La ACLU de Michigan demanda a la ciudad de Warren y a varios polic\u00edas por maltratar a un hombre negro con problemas mentales y publica un video que documenta el abuso. - ACLU of Michigan\",\"isPartOf\":{\"@id\":\"https:\/\/www.aclumich.org\/#website\"},\"datePublished\":\"2025-08-13T15:19:07+00:00\",\"breadcrumb\":{\"@id\":\"https:\/\/www.aclumich.org\/es\/press-releases\/la-aclu-de-michigan-demanda-la-ciudad-de-warren-y-varios-policias-por-maltratar-un\/#breadcrumb\"},\"inLanguage\":\"es-ES\",\"potentialAction\":[{\"@type\":\"ReadAction\",\"target\":[\"https:\/\/www.aclumich.org\/es\/press-releases\/la-aclu-de-michigan-demanda-la-ciudad-de-warren-y-varios-policias-por-maltratar-un\/\"]}]},{\"@type\":\"BreadcrumbList\",\"@id\":\"https:\/\/www.aclumich.org\/es\/press-releases\/la-aclu-de-michigan-demanda-la-ciudad-de-warren-y-varios-policias-por-maltratar-un\/#breadcrumb\",\"itemListElement\":[{\"@type\":\"ListItem\",\"position\":1,\"name\":\"Press Releases\",\"item\":\"https:\/\/www.aclumich.org\/press-releases\/\"},{\"@type\":\"ListItem\",\"position\":2,\"name\":\"La ACLU de Michigan demanda a la ciudad de Warren y a varios polic\u00edas por maltratar a un hombre negro con problemas mentales y publica un video que documenta el abuso.\"}]},{\"@type\":\"WebSite\",\"@id\":\"https:\/\/www.aclumich.org\/#website\",\"url\":\"https:\/\/www.aclumich.org\/\",\"name\":\"ACLU of Michigan\",\"description\":\"\",\"publisher\":{\"@id\":\"https:\/\/www.aclumich.org\/#organization\"},\"potentialAction\":[{\"@type\":\"SearchAction\",\"target\":{\"@type\":\"EntryPoint\",\"urlTemplate\":\"https:\/\/www.aclumich.org\/?s={search_term_string}\"},\"query-input\":{\"@type\":\"PropertyValueSpecification\",\"valueRequired\":true,\"valueName\":\"search_term_string\"}}],\"inLanguage\":\"es-ES\"},{\"@type\":\"Organization\",\"@id\":\"https:\/\/www.aclumich.org\/#organization\",\"name\":\"ACLU of Michigan\",\"url\":\"https:\/\/www.aclumich.org\/\",\"logo\":{\"@type\":\"ImageObject\",\"inLanguage\":\"es-ES\",\"@id\":\"https:\/\/www.aclumich.org\/#\/schema\/logo\/image\/\",\"url\":\"https:\/\/www.aclumich.org\/app\/uploads\/2025\/12\/ACLU-Michigan_Color-Logo_RGB.png\",\"contentUrl\":\"https:\/\/www.aclumich.org\/app\/uploads\/2025\/12\/ACLU-Michigan_Color-Logo_RGB.png\",\"width\":1055,\"height\":620,\"caption\":\"ACLU of Michigan\"},\"image\":{\"@id\":\"https:\/\/www.aclumich.org\/#\/schema\/logo\/image\/\"}}]}<\/script>\n<!-- \/ Yoast SEO plugin. -->","yoast_head_json":{"title":"La ACLU de Michigan demanda a la ciudad de Warren y a varios polic\u00edas por maltratar a un hombre negro con problemas mentales y publica un video que documenta el abuso. - ACLU of Michigan","robots":{"index":"index","follow":"follow","max-snippet":"max-snippet:-1","max-image-preview":"max-image-preview:large","max-video-preview":"max-video-preview:-1"},"canonical":"https:\/\/www.aclumich.org\/es\/press-releases\/la-aclu-de-michigan-demanda-la-ciudad-de-warren-y-varios-policias-por-maltratar-un\/","og_locale":"es_ES","og_type":"article","og_title":"La ACLU de Michigan demanda a la ciudad de Warren y a varios polic\u00edas por maltratar a un hombre negro con problemas mentales y publica un video que documenta el abuso. - ACLU of Michigan","og_description":"DETROIT \u2013 La ACLU de Michigan present\u00f3 hoy una demanda federal en nombre de Christopher Gibson, un hombre negro que fue atacado con gas pimienta, con una pistola Taser y brutalizado por agentes de la Polic\u00eda de Warren en diciembre del 2022.","og_url":"https:\/\/www.aclumich.org\/es\/press-releases\/la-aclu-de-michigan-demanda-la-ciudad-de-warren-y-varios-policias-por-maltratar-un\/","og_site_name":"ACLU of Michigan","og_image":[{"url":"https:\/\/www.aclumich.org\/app\/themes\/aclu-parent\/img\/default_fb_share.jpg","type":"","width":"","height":""}],"twitter_card":"summary_large_image","schema":{"@context":"https:\/\/schema.org","@graph":[{"@type":"WebPage","@id":"https:\/\/www.aclumich.org\/es\/press-releases\/la-aclu-de-michigan-demanda-la-ciudad-de-warren-y-varios-policias-por-maltratar-un\/","url":"https:\/\/www.aclumich.org\/es\/press-releases\/la-aclu-de-michigan-demanda-la-ciudad-de-warren-y-varios-policias-por-maltratar-un\/","name":"La ACLU de Michigan demanda a la ciudad de Warren y a varios polic\u00edas por maltratar a un hombre negro con problemas mentales y publica un video que documenta el abuso. - ACLU of Michigan","isPartOf":{"@id":"https:\/\/www.aclumich.org\/#website"},"datePublished":"2025-08-13T15:19:07+00:00","breadcrumb":{"@id":"https:\/\/www.aclumich.org\/es\/press-releases\/la-aclu-de-michigan-demanda-la-ciudad-de-warren-y-varios-policias-por-maltratar-un\/#breadcrumb"},"inLanguage":"es-ES","potentialAction":[{"@type":"ReadAction","target":["https:\/\/www.aclumich.org\/es\/press-releases\/la-aclu-de-michigan-demanda-la-ciudad-de-warren-y-varios-policias-por-maltratar-un\/"]}]},{"@type":"BreadcrumbList","@id":"https:\/\/www.aclumich.org\/es\/press-releases\/la-aclu-de-michigan-demanda-la-ciudad-de-warren-y-varios-policias-por-maltratar-un\/#breadcrumb","itemListElement":[{"@type":"ListItem","position":1,"name":"Press Releases","item":"https:\/\/www.aclumich.org\/press-releases\/"},{"@type":"ListItem","position":2,"name":"La ACLU de Michigan demanda a la ciudad de Warren y a varios polic\u00edas por maltratar a un hombre negro con problemas mentales y publica un video que documenta el abuso."}]},{"@type":"WebSite","@id":"https:\/\/www.aclumich.org\/#website","url":"https:\/\/www.aclumich.org\/","name":"ACLU of Michigan","description":"","publisher":{"@id":"https:\/\/www.aclumich.org\/#organization"},"potentialAction":[{"@type":"SearchAction","target":{"@type":"EntryPoint","urlTemplate":"https:\/\/www.aclumich.org\/?s={search_term_string}"},"query-input":{"@type":"PropertyValueSpecification","valueRequired":true,"valueName":"search_term_string"}}],"inLanguage":"es-ES"},{"@type":"Organization","@id":"https:\/\/www.aclumich.org\/#organization","name":"ACLU of Michigan","url":"https:\/\/www.aclumich.org\/","logo":{"@type":"ImageObject","inLanguage":"es-ES","@id":"https:\/\/www.aclumich.org\/#\/schema\/logo\/image\/","url":"https:\/\/www.aclumich.org\/app\/uploads\/2025\/12\/ACLU-Michigan_Color-Logo_RGB.png","contentUrl":"https:\/\/www.aclumich.org\/app\/uploads\/2025\/12\/ACLU-Michigan_Color-Logo_RGB.png","width":1055,"height":620,"caption":"ACLU of Michigan"},"image":{"@id":"https:\/\/www.aclumich.org\/#\/schema\/logo\/image\/"}}]}},"distributor_meta":false,"distributor_terms":false,"distributor_media":false,"distributor_original_site_name":"ACLU of Michigan","distributor_original_site_url":"https:\/\/www.aclumich.org\/es\/","push-errors":false,"_links":{"self":[{"href":"https:\/\/www.aclumich.org\/es\/wp-json\/wp\/v2\/press_release\/6643","targetHints":{"allow":["GET"]}}],"collection":[{"href":"https:\/\/www.aclumich.org\/es\/wp-json\/wp\/v2\/press_release"}],"about":[{"href":"https:\/\/www.aclumich.org\/es\/wp-json\/wp\/v2\/types\/press_release"}],"author":[{"embeddable":true,"href":"https:\/\/www.aclumich.org\/es\/wp-json\/wp\/v2\/users\/8"}],"version-history":[{"count":0,"href":"https:\/\/www.aclumich.org\/es\/wp-json\/wp\/v2\/press_release\/6643\/revisions"}],"wp:attachment":[{"href":"https:\/\/www.aclumich.org\/es\/wp-json\/wp\/v2\/media?parent=6643"}],"curies":[{"name":"wp","href":"https:\/\/api.w.org\/{rel}","templated":true}]}}